{"id":992303,"date":"2026-05-03T22:08:18","date_gmt":"2026-05-03T22:08:18","guid":{"rendered":"https:\/\/www.europesays.com\/de\/992303\/"},"modified":"2026-05-03T22:08:18","modified_gmt":"2026-05-03T22:08:18","slug":"flohmaerkte-in-belgien-und-den-niederlanden-diese-lohnen-sich","status":"publish","type":"post","link":"https:\/\/www.europesays.com\/de\/992303\/","title":{"rendered":"Flohm\u00e4rkte in Belgien und den Niederlanden: Diese lohnen sich"},"content":{"rendered":"<p>Tr\u00f6deln nebenan <\/p>\n<p>Sch\u00e4tze hinter der Grenze: Diese M\u00e4rkte lohnen sich<\/p>\n<p>Aktualisiert am 03.05.2026 &#8211; 21:44 UhrLesedauer: 2 Min.<\/p>\n<p><a href=\"#focus-0\" class=\"transition-colors duration-200 block text-current relative\" data-sctrack=\"FocusGalleryImage.Reference\"><img fetchpriority=\"high\" data-testid=\"Opener.Image\" style=\"--lqipURL:url('https:\/\/images.t-online.de\/2026\/04\/Q4AzXbooFYD4\/0x188:3606x2028\/fit-in\/150x0\/filters:blur(25)\/frauen-am-buecherstand-des-flohmarktes-boxhagener-platz-in-berlin-friedrichshain.jpg')\"   loading=\"eager\" src=\"https:\/\/www.europesays.com\/de\/wp-content\/uploads\/2026\/05\/frauen-am-buecherstand-des-flohmarktes-boxhagener-platz-in-berlin-friedrichshain.jpg\" alt=\"Frauen am B\u00fccherstand (Archivbild): So beginnt die Schn\u00e4ppchenjagd \u2013 lohnend auch jenseits der Grenze.\" title=\"Frauen am B\u00fccherstand (Archivbild): So beginnt die Schn\u00e4ppchenjagd \u2013 lohnend auch jenseits der Grenze.\" width=\"3606\" height=\"2028\" class=\"bg-[url:var(--lqipURL)] bg-cover bg-center flex h-full w-full max-w-full\" decoding=\"async\"\/><img style=\"--width:32;--height:32\" loading=\"lazy\" src=\"https:\/\/aachen.t-online.de\/s\/paper\/_next\/static\/media\/zoom-in.f7dae02f.svg\" alt=\"Vergr\u00f6\u00dfern des Bildes\" title=\"Vergr\u00f6\u00dfern des Bildes\" class=\"block h-[calc(var(--height)_\/_16_*_1rem)] w-[calc(var(--width)_\/_16_*_1rem)] max-w-none absolute bottom-8 right-8 rounded-4 bg-snow p-8\" decoding=\"async\"\/><\/a><\/p>\n<p>Frauen am B\u00fccherstand (Archivbild): So beginnt die Schn\u00e4ppchenjagd \u2013 lohnend auch jenseits der Grenze. (Quelle: imago)<\/p>\n<p class=\"font-bold text-18 leading-17 user-text-lg:text-22 user-text-xl:text-24\">Ein kurzer Sprung \u00fcber die Grenze kann reichen, um echte Fundst\u00fccke zu entdecken. Wer in Aachen oder der Umgebung wohnt und gerne auf Flohm\u00e4rkten st\u00f6bert, sollte auch die Niederlande und Belgien einplanen.<\/p>\n<p class=\"text-18 leading-17 user-text-lg:text-22 user-text-xl:text-24\">Besonders unkompliziert ist ein Abstecher nach Maastricht, denn dort findet der Flohmarkt jedes Wochenende, samstags und sonntags, statt. Entlang der Boschstraat im Stadtzentrum bauen dann zahlreiche H\u00e4ndler ihre St\u00e4nde auf und laden zum St\u00f6bern ein.<\/p>\n<p class=\"text-18 leading-17 user-text-lg:text-22 user-text-xl:text-24\">Samstags startet der Markt um 10 Uhr, sonntags um 12 Uhr \u2013 Schluss ist jeweils um 17 Uhr. Von Vintage-Kleidung bis zu Antikm\u00f6beln gibt es hier Schn\u00e4ppchen und Sch\u00e4tze in allen Varianten.<\/p>\n<p class=\"text-18 leading-17 user-text-lg:text-22 user-text-xl:text-24\">Modefans k\u00f6nnen in Maastricht au\u00dferdem den Vintage-Fashion-Markt im Stadtteil Wyck ansteuern. Er wird allerdings nur einmal im Jahr veranstaltet, meist im September, und ist besonders bequem erreichbar: Die Vintage-Fashion-Meile beginnt direkt vor dem Hauptbahnhof, sodass sich die Anreise mit dem Zug anbietet.<\/p>\n<p class=\"text-18 leading-17 user-text-lg:text-22 user-text-xl:text-24\">Wer etwas weiter fahren m\u00f6chte, findet in Belgien einen weiteren Anziehungspunkt: den Teutenmarkt in Lommel. Von April bis Ende Oktober wird dort jeden Sonntag von 10 Uhr bis 16.30 Uhr auf dem gr\u00f6\u00dften Freiluftmarkt in Nord-Limburg nach g\u00fcnstigen Funden gesucht.<\/p>\n<p class=\"text-18 leading-17 user-text-lg:text-22 user-text-xl:text-24\">Der Beiname &#8222;Teut&#8220; bedeutet &#8222;reisender H\u00e4ndler&#8220; und passt zur Atmosph\u00e4re auf dem Dorfplatz, der von Gr\u00fcn sowie Caf\u00e9s mit Terrassen eingerahmt ist. Von Aachen aus dauert die Autofahrt nach Lommel etwa eine Stunde und zwanzig Minuten.<\/p>\n<p class=\"text-18 leading-17 user-text-lg:text-22 user-text-xl:text-24\">N\u00e4her liegt Tongeren \u2013 von Aachen aus nur rund eine Stunde entfernt. Dort treffen sich jeden Sonntag von 7 bis 13 Uhr Antiquit\u00e4tenh\u00e4ndler aus ganz Europa und bieten hochwertige Ware an.<\/p>\n<p class=\"text-18 leading-17 user-text-lg:text-22 user-text-xl:text-24\">Ob w\u00f6chentlicher Tr\u00f6del in Maastricht oder Antiquit\u00e4ten in Tongeren: Hinter der Grenze warten M\u00e4rkte, die sich leicht in einen Tagesausflug verwandeln lassen. Und manchmal ist es genau dieser kleine Ortswechsel, der aus einem gew\u00f6hnlichen Bummel eine Suche nach echten Geschichten macht.<\/p>\n","protected":false},"excerpt":{"rendered":"Tr\u00f6deln nebenan Sch\u00e4tze hinter der Grenze: Diese M\u00e4rkte lohnen sich Aktualisiert am 03.05.2026 &#8211; 21:44 UhrLesedauer: 2 Min.&hellip;\n","protected":false},"author":2,"featured_media":992304,"comment_status":"","ping_status":"","sticky":false,"template":"","format":"standard","meta":{"footnotes":"","_share_on_mastodon":"0"},"categories":[1853],"tags":[2201,1424,52362,5071,1423,9594,3364,29,548,663,3934,8513,95908,30,13,15268,54076,14,15,965,1209,37299,12,90483,119406,40158,27351,99057,28885],"class_list":["post-992303","post","type-post","status-publish","format-standard","has-post-thumbnail","category-aachen","tag-2201","tag-aachen","tag-ausflugstipp-aachen","tag-ausflugsziel","tag-belgien","tag-buecherstand","tag-de","tag-deutschland","tag-eu","tag-europa","tag-europe","tag-flohmarkt","tag-fundstueck","tag-germany","tag-headlines","tag-holland","tag-maastricht","tag-nachrichten","tag-news","tag-niederlande","tag-nordrhein-westfalen","tag-retro","tag-schlagzeilen","tag-schnaeppchenpreis","tag-sonntagsausflug","tag-troedel","tag-troedelmarkt","tag-vintagelook","tag-wochenendausflug"],"share_on_mastodon":{"url":"https:\/\/pubeurope.com\/@de\/116512929245416850","error":""},"_links":{"self":[{"href":"https:\/\/www.europesays.com\/de\/wp-json\/wp\/v2\/posts\/992303","targetHints":{"allow":["GET"]}}],"collection":[{"href":"https:\/\/www.europesays.com\/de\/wp-json\/wp\/v2\/posts"}],"about":[{"href":"https:\/\/www.europesays.com\/de\/wp-json\/wp\/v2\/types\/post"}],"author":[{"embeddable":true,"href":"https:\/\/www.europesays.com\/de\/wp-json\/wp\/v2\/users\/2"}],"replies":[{"embeddable":true,"href":"https:\/\/www.europesays.com\/de\/wp-json\/wp\/v2\/comments?post=992303"}],"version-history":[{"count":0,"href":"https:\/\/www.europesays.com\/de\/wp-json\/wp\/v2\/posts\/992303\/revisions"}],"wp:featuredmedia":[{"embeddable":true,"href":"https:\/\/www.europesays.com\/de\/wp-json\/wp\/v2\/media\/992304"}],"wp:attachment":[{"href":"https:\/\/www.europesays.com\/de\/wp-json\/wp\/v2\/media?parent=992303"}],"wp:term":[{"taxonomy":"category","embeddable":true,"href":"https:\/\/www.europesays.com\/de\/wp-json\/wp\/v2\/categories?post=992303"},{"taxonomy":"post_tag","embeddable":true,"href":"https:\/\/www.europesays.com\/de\/wp-json\/wp\/v2\/tags?post=992303"}],"curies":[{"name":"wp","href":"https:\/\/api.w.org\/{rel}","templated":true}]}}