{"id":992327,"date":"2026-05-03T22:20:17","date_gmt":"2026-05-03T22:20:17","guid":{"rendered":"https:\/\/www.europesays.com\/de\/992327\/"},"modified":"2026-05-03T22:20:17","modified_gmt":"2026-05-03T22:20:17","slug":"sportverein-schermbeck-behauptet-sich-mit-knappem-sieg-gegen-sc-preussen-muenster-ii","status":"publish","type":"post","link":"https:\/\/www.europesays.com\/de\/992327\/","title":{"rendered":"Sportverein Schermbeck behauptet sich mit knappem Sieg gegen SC Preu\u00dfen M\u00fcnster II"},"content":{"rendered":"<p>                                Spielinfos:<br \/>\nDatum &amp; Uhrzeit: 03.05.2026 15.15 Uhr<br \/>Austragungsort: M\u00fcnster<br \/>Wettbewerb: Oberliga Westfalen<br \/>Spieltag: 34<\/p>\n<p>Spielbericht: SC Preu\u00dfen M\u00fcnster II gegen Sportverein Schermbeck 1:2 (1:0)<\/p>\n<p id=\"absatz2\" class=\"em_text\">M\u00fcnster. B\u00f6ses Erwachen in M\u00fcnsteraner LVM-Youngstars-Arena: Nach einem soliden Start wendet sich das Blatt f\u00fcr die M\u00fcnsteraner Gastgeber zugunsten des Sportverein Schermbeck.<\/p>\n<p id=\"absatz3\" class=\"em_text\">Sofort nach Spielbeginn \u00e4ndert sich schon der Spielstand: Leon Alexander Kayser schie\u00dft den ersten Treffer und verschafft der Heimelf kurz nach Anpfiff die Oberhand. Kurz vor der Pause muss der Schiedsrichter handeln. Der SC Preu\u00dfen M\u00fcnster II kassiert einmal Gelb (45). Erst nach dem Seitenwechsel k\u00f6nnen sich die Schermbecker revanchieren: In Minute 52 f\u00e4llt das Gegentor durch Miles Grumann.<\/p>\n<p id=\"absatz4\" class=\"em_text\">In der verbleibenden Spielzeit versuchen die M\u00fcnsteraner durch Spieleraustausch nochmal frische Energie auf den Platz zu bringen. Pascal Koopmann ersetzt Ryan Acar und Adrian Alex Delmoni f\u00fcr Michel Scharlau. Die Bem\u00fchungen fruchten jedoch nicht.<\/p>\n<p id=\"absatz5\" class=\"em_text\">Das letzte Tor der Partie f\u00e4llt 29 Minuten nach Wiederanspiel: Entschieden bef\u00f6rdert Jamal El Mansoury den Ball erfolgreich ins gegnerische Tor und sichert den Triumph f\u00fcr das Aufgebot aus Schermbeck (74).<\/p>\n<p id=\"absatz6\" class=\"em_text\">Tore fallen keine mehr. Die Gegner vom SC Preu\u00dfen M\u00fcnster II beenden die Partie mit einer weiteren Gelben Karte (89).<\/p>\n<p>Die Aufstellungen: SC Preu\u00dfen M\u00fcnster II &#8211; Sportverein Schermbeck<br \/>\nSC Preu\u00dfen M\u00fcnster II: Moritz Krause (2), Lukas Herb (3), Leander Hoppenheit (22), Leon Alexander Kayser (7), Michel Scharlau (18), Ryan Acar (29), Tidiane Ba Gueye (15), Arbnor Hoti (9), Luca Steinfeldt (13), Ben Menke (6), Ben Kronenberg (5)<br \/>Sportverein Schermbeck: Kerem Seng\u00fcn (67), Leon N\u00fcbel (1), Berkant Gedikli (2), Mustafa G\u00fcrpinar (34), Kaspar Werner Harbering (26), Jamal El Mansoury (77), Christopher St\u00f6hr (6), Yannick Babo (4), Venis Uka (18), Eren \u00d6zat (28), Tolga \u00d6zdemir (70)<br \/>Schiedsrichter: Justin Hegerding<\/p>\n<p id=\"absatz7\" class=\"em_text\">Assistent: Benjamin L\u00f6ding<\/p>\n<p id=\"absatz8\" class=\"em_text\">Assistent: Pascal Balke<\/p>\n<p id=\"absatz9\" class=\"em_text\" style=\"font-size: .8em;\">Die Inhalte dieses Berichts wurden automatisch auf der Basis von DFB-Daten zusammengestellt.<\/p>\n","protected":false},"excerpt":{"rendered":"Spielinfos: Datum &amp; Uhrzeit: 03.05.2026 15.15 UhrAustragungsort: M\u00fcnsterWettbewerb: Oberliga WestfalenSpieltag: 34 Spielbericht: SC Preu\u00dfen M\u00fcnster II gegen Sportverein&hellip;\n","protected":false},"author":2,"featured_media":992328,"comment_status":"","ping_status":"","sticky":false,"template":"","format":"standard","meta":{"footnotes":"","_share_on_mastodon":"0"},"categories":[1843],"tags":[7763,3364,29,5282,30,138582,8405,734,7774,1613,138580,8970,1209,12006,106726,17706,56581,17712,7773,7765,20385,7764,8404],"class_list":["post-992327","post","type-post","status-publish","format-standard","has-post-thumbnail","category-muenster","tag-austragungsort","tag-de","tag-deutschland","tag-fuball","tag-germany","tag-leon-alexander-kayser","tag-mnster","tag-meta_artikelklasse_nachricht","tag-meta_themen_sport","tag-meta_userneeds_informieremich","tag-michel-scharlau","tag-muenster","tag-nordrhein-westfalen","tag-oberliga","tag-ryan-acar","tag-sc-preuen-mnster-ii","tag-schermbeck","tag-serie_ligaid_210198","tag-serie_ligaid_all","tag-spielinfo","tag-sportverein","tag-uhrzeit","tag-westfalen"],"share_on_mastodon":{"url":"https:\/\/pubeurope.com\/@de\/116512976135157121","error":""},"_links":{"self":[{"href":"https:\/\/www.europesays.com\/de\/wp-json\/wp\/v2\/posts\/992327","targetHints":{"allow":["GET"]}}],"collection":[{"href":"https:\/\/www.europesays.com\/de\/wp-json\/wp\/v2\/posts"}],"about":[{"href":"https:\/\/www.europesays.com\/de\/wp-json\/wp\/v2\/types\/post"}],"author":[{"embeddable":true,"href":"https:\/\/www.europesays.com\/de\/wp-json\/wp\/v2\/users\/2"}],"replies":[{"embeddable":true,"href":"https:\/\/www.europesays.com\/de\/wp-json\/wp\/v2\/comments?post=992327"}],"version-history":[{"count":0,"href":"https:\/\/www.europesays.com\/de\/wp-json\/wp\/v2\/posts\/992327\/revisions"}],"wp:featuredmedia":[{"embeddable":true,"href":"https:\/\/www.europesays.com\/de\/wp-json\/wp\/v2\/media\/992328"}],"wp:attachment":[{"href":"https:\/\/www.europesays.com\/de\/wp-json\/wp\/v2\/media?parent=992327"}],"wp:term":[{"taxonomy":"category","embeddable":true,"href":"https:\/\/www.europesays.com\/de\/wp-json\/wp\/v2\/categories?post=992327"},{"taxonomy":"post_tag","embeddable":true,"href":"https:\/\/www.europesays.com\/de\/wp-json\/wp\/v2\/tags?post=992327"}],"curies":[{"name":"wp","href":"https:\/\/api.w.org\/{rel}","templated":true}]}}