{"id":992640,"date":"2026-05-04T01:45:19","date_gmt":"2026-05-04T01:45:19","guid":{"rendered":"https:\/\/www.europesays.com\/de\/992640\/"},"modified":"2026-05-04T01:45:19","modified_gmt":"2026-05-04T01:45:19","slug":"dresden-ausflug-felsenlabyrinth-tyssaer-waende-ist-geheimtipp","status":"publish","type":"post","link":"https:\/\/www.europesays.com\/de\/992640\/","title":{"rendered":"Dresden Ausflug: Felsenlabyrinth Tyssaer W\u00e4nde ist Geheimtipp"},"content":{"rendered":"<p>Ausflug ab Dresden <\/p>\n<p>Geheimtipp: Dieses Felsenlabyrinth ist atemberaubend<\/p>\n<p>Aktualisiert am 04.05.2026 &#8211; 02:53 UhrLesedauer: 1 Min.<\/p>\n<p><a href=\"#focus-0\" class=\"transition-colors duration-200 block text-current relative\" data-sctrack=\"FocusGalleryImage.Reference\"><img fetchpriority=\"high\" data-testid=\"Opener.Image\" style=\"--lqipURL:url('https:\/\/images.t-online.de\/2026\/03\/sHtLoliMRUDW\/442x0:3116x1753\/fit-in\/150x0\/filters:blur(25)\/felsformation-im-sandsteingebirge-die-tisa-felsen-tisa-waende-tiske-steny-tyssaer-wande-tschechische-republik-rock-formation-in-sandstone-mountains-the-tisa-rocks-tisa-walls-tiske-steny-tyssaer-wande-czech-republic-copyright-imagebroker-romanxkybus-ibxiqx14180374-jpg.jpg')\"   loading=\"eager\" src=\"https:\/\/www.europesays.com\/de\/wp-content\/uploads\/2026\/05\/felsformation-im-sandsteingebirge-die-tisa-felsen-tisa-waende-tiske-steny-tyssaer-wande-tschechische.jpeg\" alt=\"imago images 0826406467\" title=\"imago images 0826406467\" width=\"3116\" height=\"1753\" class=\"bg-[url:var(--lqipURL)] bg-cover bg-center flex h-full w-full max-w-full\" decoding=\"async\"\/><img style=\"--width:32;--height:32\" loading=\"lazy\" src=\"https:\/\/dresden.t-online.de\/s\/paper\/_next\/static\/media\/zoom-in.f7dae02f.svg\" alt=\"Vergr\u00f6\u00dfern des Bildes\" title=\"Vergr\u00f6\u00dfern des Bildes\" class=\"block h-[calc(var(--height)_\/_16_*_1rem)] w-[calc(var(--width)_\/_16_*_1rem)] max-w-none absolute bottom-8 right-8 rounded-4 bg-snow p-8\" decoding=\"async\"\/><\/a><\/p>\n<p>Tyssaer W\u00e4nde in der B\u00f6hmischen Schweiz (Archivbild): Die Felsen haben ungew\u00f6hnliche Formen. (Quelle: IMAGO\/imageBROKER\/Roman K\u00fdbus\/imago)<\/p>\n<p class=\"font-bold text-18 leading-17 user-text-lg:text-22 user-text-xl:text-24\"><strong class=\"font-bold\">Die imposanten Sandsteinformationen der Tyssaer W\u00e4nde bieten atemberaubende Aussichten. Ein Naturerlebnis \u2013 perfekt f\u00fcr einen Tagesausflug.<\/strong><\/p>\n<p class=\"text-18 leading-17 user-text-lg:text-22 user-text-xl:text-24\">Weniger als eine Autostunde von Dresden, gleich hinter der tschechischen Grenze, erwartet Besucher eine der beeindruckendsten Sandsteinlandschaften Mitteleuropas: die Tyssaer W\u00e4nde. Hier verzweigen sich schmale Durchg\u00e4nge zwischen hohen Felsw\u00e4nden zu einem nat\u00fcrlichen Irrgarten.<\/p>\n<p class=\"text-18 leading-17 user-text-lg:text-22 user-text-xl:text-24\">Manche Felsspalten sind kaum breiter als ein Rucksack. Zwischen m\u00e4chtigen Steinw\u00e4nden f\u00fchren Pfade durch eine Landschaft, die an einen Grand Canyon im Miniaturformat erinnert. Wer hierherkommt, erlebt die Natur nicht von au\u00dfen \u2013 sondern mittendrin. Besonders beeindrucken die dramatischen Licht- und Schattenspiele in den tiefen Felsspalten.<\/p>\n<p class=\"text-18 leading-17 user-text-lg:text-22 user-text-xl:text-24\">Die Felsen ragen markant in den Himmel und tragen Namen wie &#8222;L\u00f6wenkopf&#8220;, &#8222;Elefant&#8220; oder &#8222;Mumie&#8220;. Wer genau hinschaut, erkennt schnell die \u00c4hnlichkeiten mit diesen Vorbildern.<\/p>\n<p class=\"text-18 leading-17 user-text-lg:text-22 user-text-xl:text-24\">Die heutigen Felsformationen entstanden \u00fcber Millionen Jahre. Vor etwa 100 Millionen Jahren lag hier ein flaches Meer. Sand lagerte sich ab und wurde zu Stein. Sp\u00e4ter hob sich der Meeresboden. Wind, Regen und Frost formten \u00fcber lange Zeit die bizarren Gestalten, die heute Besucher anlocken. Wer durch die Tyssaer W\u00e4nde streift, wandert durch ein St\u00fcck Erdgeschichte.<\/p>\n","protected":false},"excerpt":{"rendered":"Ausflug ab Dresden Geheimtipp: Dieses Felsenlabyrinth ist atemberaubend Aktualisiert am 04.05.2026 &#8211; 02:53 UhrLesedauer: 1 Min. Tyssaer W\u00e4nde&hellip;\n","protected":false},"author":2,"featured_media":992641,"comment_status":"","ping_status":"","sticky":false,"template":"","format":"standard","meta":{"footnotes":"","_share_on_mastodon":"0"},"categories":[1835],"tags":[722,2201,9618,3364,29,2386,157690,8081,30,63475,88361,859,214440,293,35998,214439,26361,16804],"class_list":["post-992640","post","type-post","status-publish","format-standard","has-post-thumbnail","category-dresden","tag-722","tag-2201","tag-ausflugstipp-dresden","tag-de","tag-deutschland","tag-dresden","tag-felsenlabyrinth","tag-geheimtipp","tag-germany","tag-grand-canyon","tag-naturerlebnis","tag-sachsen","tag-sandsteinformation","tag-schweiz","tag-tagesausflug","tag-tyssaer","tag-wanderung","tag-wanderweg"],"share_on_mastodon":{"url":"https:\/\/pubeurope.com\/@de\/116513782898925787","error":""},"_links":{"self":[{"href":"https:\/\/www.europesays.com\/de\/wp-json\/wp\/v2\/posts\/992640","targetHints":{"allow":["GET"]}}],"collection":[{"href":"https:\/\/www.europesays.com\/de\/wp-json\/wp\/v2\/posts"}],"about":[{"href":"https:\/\/www.europesays.com\/de\/wp-json\/wp\/v2\/types\/post"}],"author":[{"embeddable":true,"href":"https:\/\/www.europesays.com\/de\/wp-json\/wp\/v2\/users\/2"}],"replies":[{"embeddable":true,"href":"https:\/\/www.europesays.com\/de\/wp-json\/wp\/v2\/comments?post=992640"}],"version-history":[{"count":0,"href":"https:\/\/www.europesays.com\/de\/wp-json\/wp\/v2\/posts\/992640\/revisions"}],"wp:featuredmedia":[{"embeddable":true,"href":"https:\/\/www.europesays.com\/de\/wp-json\/wp\/v2\/media\/992641"}],"wp:attachment":[{"href":"https:\/\/www.europesays.com\/de\/wp-json\/wp\/v2\/media?parent=992640"}],"wp:term":[{"taxonomy":"category","embeddable":true,"href":"https:\/\/www.europesays.com\/de\/wp-json\/wp\/v2\/categories?post=992640"},{"taxonomy":"post_tag","embeddable":true,"href":"https:\/\/www.europesays.com\/de\/wp-json\/wp\/v2\/tags?post=992640"}],"curies":[{"name":"wp","href":"https:\/\/api.w.org\/{rel}","templated":true}]}}