{"id":992673,"date":"2026-05-04T02:04:18","date_gmt":"2026-05-04T02:04:18","guid":{"rendered":"https:\/\/www.europesays.com\/de\/992673\/"},"modified":"2026-05-04T02:04:18","modified_gmt":"2026-05-04T02:04:18","slug":"festnahme-nach-versuchtem-toetungsdelikt-in-muenchen","status":"publish","type":"post","link":"https:\/\/www.europesays.com\/de\/992673\/","title":{"rendered":"Festnahme nach versuchtem T\u00f6tungsdelikt in M\u00fcnchen"},"content":{"rendered":"<p class=\"mb-6 text-xs md:text-m lg:text-l font-serif group-[.font-sans]:font-sans \">\n    Nach einem versuchten T\u00f6tungsdelikt, bei dem ein Mann in der M\u00fcnchner Ludwigsvorstadt verletzt wurde, konnte ein Tatverd\u00e4chtiger am Sonntag, 3. Mai, festgenommen werden.\n  <\/p>\n<p class=\"mb-6 text-xs md:text-m lg:text-l font-serif group-[.font-sans]:font-sans \">\n    Wie die Polizei berichtete, konnten zun\u00e4chst im Rahmen der Ermittlung durch die im Bahnhofsviertel aufgestellten Videot\u00fcrme der M\u00fcnchner Polizei und weitere \u00dcberwachungskameras Fotos des zuvor unbekannten T\u00e4ters gesichert werden.\n  <\/p>\n<p class=\"mb-6 text-xs md:text-m lg:text-l font-serif group-[.font-sans]:font-sans \">\n    Auf Grundlage dieser Fotos beantragte die Polizei am Samstag einen Beschluss zur \u00d6ffentlichkeitsfahndung beim Amtsgericht M\u00fcnchen. Wie die Polizei schilderte, erhielt die Polizei mehrere Hinweise auf die Identit\u00e4t des Tatverd\u00e4chtigen. Zeitgleich stellte sich ein 38-J\u00e4hriger bei einer Polizeidienststelle und teilte den Beamten mit, er sei der Gesuchte. Die Polizei nahm den Tatverd\u00e4chtigen vorl\u00e4ufig fest.\n  <\/p>\n<p>            \u201eSpitze Gewalteinwirkung\u201c in M\u00fcnchen: Verletzter mit mehreren Wunden<\/p>\n<p class=\"mb-6 text-xs md:text-m lg:text-l font-serif group-[.font-sans]:font-sans \">\n    In der Nacht des 1. Mai gingen gegen 3 Uhr nachts mehrere Meldungen \u00fcber eine verletzte Person in der Ludwigsvorstadt bei der Polizei ein, die daraufhin mit mehreren Streifenbesatzungen ausr\u00fcckte. Vor Ort fanden sie einen verletzten 43-j\u00e4hrigen M\u00fcnchner an. Dieser hatte Polizeiangaben zufolge mehrere Wunden, die durch \u201espitze Gewalteinwirkung\u201c w\u00e4hrend einer k\u00f6rperlichen Auseinandersetzung verursacht worden waren. Der T\u00e4ter war zun\u00e4chst unbekannt.\n  <\/p>\n<p>            Verletzter nicht mehr in Lebensgefahr<\/p>\n<p class=\"mb-6 text-xs md:text-m lg:text-l font-serif group-[.font-sans]:font-sans \">\n    Der Mann musste in ein Krankenhaus gebracht werden, wo er sich laut Polizei weiterhin befindet. Wie sie weiter mitteilte, sei der Mann \u201eaktuell nicht mehr in Lebensgefahr\u201c.\n  <\/p>\n<p class=\"mb-6 text-xs md:text-m lg:text-l font-serif group-[.font-sans]:font-sans \">\n    Sofort leiteten Einsatzkr\u00e4fte eine Fahndung ein; das Kommissariat 11 der M\u00fcnchner Polizei \u00fcbernahm die weiteren Ermittlungen.\n  <\/p>\n<p class=\"mb-6 text-xs md:text-m lg:text-l font-serif group-[.font-sans]:font-sans \">\n    Auch in <a href=\"https:\/\/www.augsburger-allgemeine.de\/neuburg\/versuchte-toetung-in-ingolstadt-tatverdaechtiger-festgenommen-und-in-haft-114118520\" target=\"_self\" class=\"underline \" rel=\"nofollow noopener\">Ingolstadt sind Ermittlungen wegen einer versuchten T\u00f6tung in vollem Gange: Ein 19-J\u00e4hriger wurde festgenommen; ein Richter ordnete U-Haft an.<\/a>\n  <\/p>\n","protected":false},"excerpt":{"rendered":"Nach einem versuchten T\u00f6tungsdelikt, bei dem ein Mann in der M\u00fcnchner Ludwigsvorstadt verletzt wurde, konnte ein Tatverd\u00e4chtiger am&hellip;\n","protected":false},"author":2,"featured_media":987794,"comment_status":"","ping_status":"","sticky":false,"template":"","format":"standard","meta":{"footnotes":"","_share_on_mastodon":"0"},"categories":[1827],"tags":[3360,772,29,980,30,32562,11148,2636,1268,121,2866,9958,144602],"class_list":["post-992673","post","type-post","status-publish","format-standard","has-post-thumbnail","category-muenchen","tag-amtsgericht-muenchen","tag-bayern","tag-deutschland","tag-festnahme","tag-germany","tag-gewalteinwirkung","tag-ingolstadt","tag-ludwigsvorstadt","tag-muenchen","tag-polizei","tag-toetung","tag-toetungsdelikt","tag-wunde"],"share_on_mastodon":{"url":"https:\/\/pubeurope.com\/@de\/116513857575829547","error":""},"_links":{"self":[{"href":"https:\/\/www.europesays.com\/de\/wp-json\/wp\/v2\/posts\/992673","targetHints":{"allow":["GET"]}}],"collection":[{"href":"https:\/\/www.europesays.com\/de\/wp-json\/wp\/v2\/posts"}],"about":[{"href":"https:\/\/www.europesays.com\/de\/wp-json\/wp\/v2\/types\/post"}],"author":[{"embeddable":true,"href":"https:\/\/www.europesays.com\/de\/wp-json\/wp\/v2\/users\/2"}],"replies":[{"embeddable":true,"href":"https:\/\/www.europesays.com\/de\/wp-json\/wp\/v2\/comments?post=992673"}],"version-history":[{"count":0,"href":"https:\/\/www.europesays.com\/de\/wp-json\/wp\/v2\/posts\/992673\/revisions"}],"wp:featuredmedia":[{"embeddable":true,"href":"https:\/\/www.europesays.com\/de\/wp-json\/wp\/v2\/media\/987794"}],"wp:attachment":[{"href":"https:\/\/www.europesays.com\/de\/wp-json\/wp\/v2\/media?parent=992673"}],"wp:term":[{"taxonomy":"category","embeddable":true,"href":"https:\/\/www.europesays.com\/de\/wp-json\/wp\/v2\/categories?post=992673"},{"taxonomy":"post_tag","embeddable":true,"href":"https:\/\/www.europesays.com\/de\/wp-json\/wp\/v2\/tags?post=992673"}],"curies":[{"name":"wp","href":"https:\/\/api.w.org\/{rel}","templated":true}]}}