{"id":992798,"date":"2026-05-04T03:26:17","date_gmt":"2026-05-04T03:26:17","guid":{"rendered":"https:\/\/www.europesays.com\/de\/992798\/"},"modified":"2026-05-04T03:26:17","modified_gmt":"2026-05-04T03:26:17","slug":"tempo-kontrollen-in-duesseldorf-hier-wird-in-dieser-woche-geblitzt","status":"publish","type":"post","link":"https:\/\/www.europesays.com\/de\/992798\/","title":{"rendered":"Tempo-Kontrollen in D\u00fcsseldorf: Hier wird in dieser Woche geblitzt"},"content":{"rendered":"<p>Geschwindigkeitskontrollen <\/p>\n<p>Hier wird in dieser Woche in D\u00fcsseldorf geblitzt<\/p>\n<p>04.05.2026 &#8211; 04:26 UhrLesedauer: 1 Min.<\/p>\n<p><a href=\"#focus-0\" class=\"transition-colors duration-200 block text-current relative\" data-sctrack=\"FocusGalleryImage.Reference\"><img fetchpriority=\"high\" data-testid=\"Opener.Image\" style=\"--lqipURL:url('https:\/\/images.t-online.de\/2026\/04\/eHkE4fpTlcpR\/0x375:4000x2250\/fit-in\/150x0\/filters:blur(25)\/image.jpg')\"   loading=\"eager\" src=\"https:\/\/www.europesays.com\/de\/wp-content\/uploads\/2026\/05\/1777865177_765_image.jpg\" alt=\"Ein mobiler Blitzer in D\u00fcsseldorf.\" title=\"Ein mobiler Blitzer in D\u00fcsseldorf.\" width=\"4000\" height=\"2250\" class=\"bg-[url:var(--lqipURL)] bg-cover bg-center flex h-full w-full max-w-full\" decoding=\"async\"\/><img style=\"--width:32;--height:32\" loading=\"lazy\" src=\"https:\/\/duesseldorf.t-online.de\/s\/paper\/_next\/static\/media\/zoom-in.f7dae02f.svg\" alt=\"Vergr\u00f6\u00dfern des Bildes\" title=\"Vergr\u00f6\u00dfern des Bildes\" class=\"block h-[calc(var(--height)_\/_16_*_1rem)] w-[calc(var(--width)_\/_16_*_1rem)] max-w-none absolute bottom-8 right-8 rounded-4 bg-snow p-8\" decoding=\"async\"\/><\/a><\/p>\n<p>Ein mobiler Blitzer in D\u00fcsseldorf (Symbolbild): Die Landeshauptstadt k\u00fcndigt regelm\u00e4\u00dfig an, wo geblitzt wird. (Quelle: IMAGO\/Michael Gstettenbauer)<\/p>\n<p class=\"font-bold text-18 leading-17 user-text-lg:text-22 user-text-xl:text-24\">Wer in D\u00fcsseldorf mit dem Auto unterwegs ist, sollte die Geschwindigkeit im Auge behalten \u2013 denn auch in dieser Woche sind wieder zahlreiche Kontrollen geplant.<\/p>\n<p class=\"text-18 leading-17 user-text-lg:text-22 user-text-xl:text-24\">Auch in dieser Woche wird wieder aktiv in D\u00fcsseldorf geblitzt. Autofahrer sollten darauf achten, die vorgeschriebenen Tempolimits einzuhalten, um b\u00f6se \u00dcberraschungen zu vermeiden.<\/p>\n<p class=\"text-18 leading-17 user-text-lg:text-22 user-text-xl:text-24\">Das Ordnungsamt will an verschiedenen Stellen messen \u2013 und erinnert daran, dass neben angek\u00fcndigten Messpunkten auch unangek\u00fcndigte Kontrollen m\u00f6glich sind. Wer die vorgeschriebenen Limits einh\u00e4lt, erspart sich damit nicht nur \u00c4rger, sondern auch teure \u00dcberraschungen.<\/p>\n","protected":false},"excerpt":{"rendered":"Geschwindigkeitskontrollen Hier wird in dieser Woche in D\u00fcsseldorf geblitzt 04.05.2026 &#8211; 04:26 UhrLesedauer: 1 Min. Ein mobiler Blitzer&hellip;\n","protected":false},"author":2,"featured_media":992799,"comment_status":"","ping_status":"","sticky":false,"template":"","format":"standard","meta":{"footnotes":"","_share_on_mastodon":"0"},"categories":[1831],"tags":[6027,116926,513,7071,54939,3364,29,3405,73398,30,3565,208568,3467,23472,1209,176],"class_list":["post-992798","post","type-post","status-publish","format-standard","has-post-thumbnail","category-duesseldorf","tag-ordnungsamt","tag-116926","tag-auto","tag-blitzeranlage","tag-cecilienallee","tag-de","tag-deutschland","tag-duesseldorf","tag-fokusthema","tag-germany","tag-geschwindigkeitskontrolle","tag-kaiserswerther-strasse","tag-landeshauptstadt","tag-merowingerstrasse","tag-nordrhein-westfalen","tag-nrw"],"share_on_mastodon":{"url":"https:\/\/pubeurope.com\/@de\/116514179673251410","error":""},"_links":{"self":[{"href":"https:\/\/www.europesays.com\/de\/wp-json\/wp\/v2\/posts\/992798","targetHints":{"allow":["GET"]}}],"collection":[{"href":"https:\/\/www.europesays.com\/de\/wp-json\/wp\/v2\/posts"}],"about":[{"href":"https:\/\/www.europesays.com\/de\/wp-json\/wp\/v2\/types\/post"}],"author":[{"embeddable":true,"href":"https:\/\/www.europesays.com\/de\/wp-json\/wp\/v2\/users\/2"}],"replies":[{"embeddable":true,"href":"https:\/\/www.europesays.com\/de\/wp-json\/wp\/v2\/comments?post=992798"}],"version-history":[{"count":0,"href":"https:\/\/www.europesays.com\/de\/wp-json\/wp\/v2\/posts\/992798\/revisions"}],"wp:featuredmedia":[{"embeddable":true,"href":"https:\/\/www.europesays.com\/de\/wp-json\/wp\/v2\/media\/992799"}],"wp:attachment":[{"href":"https:\/\/www.europesays.com\/de\/wp-json\/wp\/v2\/media?parent=992798"}],"wp:term":[{"taxonomy":"category","embeddable":true,"href":"https:\/\/www.europesays.com\/de\/wp-json\/wp\/v2\/categories?post=992798"},{"taxonomy":"post_tag","embeddable":true,"href":"https:\/\/www.europesays.com\/de\/wp-json\/wp\/v2\/tags?post=992798"}],"curies":[{"name":"wp","href":"https:\/\/api.w.org\/{rel}","templated":true}]}}