{"id":993126,"date":"2026-05-04T06:47:17","date_gmt":"2026-05-04T06:47:17","guid":{"rendered":"https:\/\/www.europesays.com\/de\/993126\/"},"modified":"2026-05-04T06:47:17","modified_gmt":"2026-05-04T06:47:17","slug":"esc-2026-schlagerstar-vicky-leandros-tritt-in-wien-auf","status":"publish","type":"post","link":"https:\/\/www.europesays.com\/de\/993126\/","title":{"rendered":"ESC 2026: Schlagerstar Vicky Leandros tritt in Wien auf"},"content":{"rendered":"<p>&#8222;Ich freue mich sehr&#8220; <\/p>\n<p>Schlagerstar Vicky Leandros tritt beim ESC auf<\/p>\n<p>04.05.2026 &#8211; 07:37 UhrLesedauer: 1 Min.<\/p>\n<p><a href=\"#focus-0\" class=\"transition-colors duration-200 block text-current relative\" data-sctrack=\"FocusGalleryImage.Reference\"><img fetchpriority=\"high\" data-testid=\"Opener.Image\" style=\"--lqipURL:url('https:\/\/images.t-online.de\/2025\/08\/0eKli7LGZppX\/90x117:2123x1195\/fit-in\/150x0\/filters:blur(25)\/vicky-leandros-bis-heute-begeistert-die-saengerin-mit-ihrer-musik-das-publikum.jpg')\"   loading=\"eager\" src=\"https:\/\/www.europesays.com\/de\/wp-content\/uploads\/2026\/05\/vicky-leandros-bis-heute-begeistert-die-saengerin-mit-ihrer-musik-das-publikum.jpg\" alt=\"Vicky Leandros: Bis heute begeistert die S\u00e4ngerin mit ihrer Musik das Publikum.\" title=\"Vicky Leandros: Bis heute begeistert die S\u00e4ngerin mit ihrer Musik das Publikum.\" width=\"2123\" height=\"1195\" class=\"bg-[url:var(--lqipURL)] bg-cover bg-center flex h-full w-full max-w-full\" decoding=\"async\"\/><img style=\"--width:32;--height:32\" loading=\"lazy\" src=\"https:\/\/www.t-online.de\/s\/paper\/_next\/static\/media\/zoom-in.f7dae02f.svg\" alt=\"Vergr\u00f6\u00dfern des Bildes\" title=\"Vergr\u00f6\u00dfern des Bildes\" class=\"block h-[calc(var(--height)_\/_16_*_1rem)] w-[calc(var(--width)_\/_16_*_1rem)] max-w-none absolute bottom-8 right-8 rounded-4 bg-snow p-8\" decoding=\"async\"\/><\/a><\/p>\n<p>Vicky Leandros: Bis heute begeistert die S\u00e4ngerin mit ihrer Musik das Publikum. (Quelle: Daniel Lakomski\/Jan Huebner\/imago-images-bilder)<\/p>\n<p class=\"font-bold text-18 leading-17 user-text-lg:text-22 user-text-xl:text-24\">Vicky Leandros kehrt f\u00fcr einen besonderen Auftritt zum ESC zur\u00fcck \u2013 dorthin, wo sie mit ihrem Hit &#8222;L\u2019amour est bleu&#8220; ihren Durchbruch feierte.<\/p>\n<p class=\"text-18 leading-17 user-text-lg:text-22 user-text-xl:text-24\">Schlagerlegende <a class=\"transition-colors duration-200 cursor-pointer text-inherit no-underline text-salemsfur md:hover:text-magenta md:hover:border-magenta md:focus:text-magenta border-current border-b border-solid break-words\" data-tracking=\"{&quot;action&quot;:&quot;click&quot;,&quot;category&quot;:&quot;intextLink&quot;,&quot;label&quot;:&quot;\/themen\/vicky-leandros\/&quot;}\" href=\"https:\/\/www.t-online.de\/themen\/vicky-leandros\/\" data-sctrack=\"BodyAnchor\" rel=\"nofollow noopener\" target=\"_blank\">Vicky Leandros<\/a> freut sich auf einen Auftritt vor dem ersten ESC-Halbfinale am 12. Mai in Wien. &#8222;Ich freue mich sehr, nach Wien zur\u00fcckzukehren, wo mit meiner ersten Teilnahme am Grand Prix Eurovision de la Chanson mit &#8218;L\u2019amour est bleu&#8216; alles begann&#8220;, sagte die 73-J\u00e4hrige der &#8222;Bild&#8220;-Zeitung.<\/p>\n<p class=\"text-18 leading-17 user-text-lg:text-22 user-text-xl:text-24\">Bei ihrer ersten ESC-Teilnahme 1967 hatte Leandros mit diesem Chanson den vierten Platz belegt, 1972 gelang ihr dann in Edinburgh der Sieg. &#8222;Ich war ein Teenager, als ich das erste Mal beim Grand Prix antrat. &#8218;L\u2019amour est bleu&#8216; hat mir gro\u00dfes Gl\u00fcck gebracht und viele T\u00fcren ge\u00f6ffnet. Es war der Beginn meiner internationalen Karriere&#8220;, sagte Leandros.<\/p>\n<p>Empfohlener externer InhaltYoutube<\/p>\n<p class=\"text-14 leading-15\">Wir ben\u00f6tigen Ihre Einwilligung, um den von unserer Redaktion eingebundenen Youtube-Inhalt anzuzeigen. Sie k\u00f6nnen diesen (und damit auch alle weiteren Youtube-Inhalte auf t-online.de) mit einem Klick anzeigen lassen und auch wieder deaktivieren.<\/p>\n<p>Youtube-Inhalte immer anzeigen<\/p>\n<p>Ich bin damit einverstanden, dass mir externe Inhalte angezeigt werden. Damit k\u00f6nnen personenbezogene Daten an Drittplattformen \u00fcbermittelt werden. <a target=\"_blank\" class=\"transition-colors duration-200 cursor-pointer text-inherit no-underline text-magenta\" href=\"https:\/\/www.t-online.de\/datenschutz\/id_88397036\/index#17-externe-inhalte\" rel=\"nofollow noopener\">Mehr dazu in unseren Datenschutzhinweisen<\/a>.<\/p>\n<p class=\"text-18 leading-17 user-text-lg:text-22 user-text-xl:text-24\">In den zwei ESC-Semifinals werden sich jeweils zehn L\u00e4nder f\u00fcrs Finale am 16. Mai qualifizieren. Gesetzt f\u00fcrs Finale sind Gastgeber <a class=\"transition-colors duration-200 cursor-pointer text-inherit no-underline text-salemsfur md:hover:text-magenta md:hover:border-magenta md:focus:text-magenta border-current border-b border-solid break-words\" data-tracking=\"{&quot;action&quot;:&quot;click&quot;,&quot;category&quot;:&quot;intextLink&quot;,&quot;label&quot;:&quot;\/themen\/oesterreich\/&quot;}\" href=\"https:\/\/www.t-online.de\/themen\/oesterreich\/\" data-sctrack=\"BodyAnchor\" rel=\"nofollow noopener\" target=\"_blank\">\u00d6sterreich<\/a> und die verbliebenen Big Four ohne das abwesende <a class=\"transition-colors duration-200 cursor-pointer text-inherit no-underline text-salemsfur md:hover:text-magenta md:hover:border-magenta md:focus:text-magenta border-current border-b border-solid break-words\" data-tracking=\"{&quot;action&quot;:&quot;click&quot;,&quot;category&quot;:&quot;intextLink&quot;,&quot;label&quot;:&quot;\/themen\/spanien\/&quot;}\" href=\"https:\/\/www.t-online.de\/themen\/spanien\/\" data-sctrack=\"BodyAnchor\" rel=\"nofollow noopener\" target=\"_blank\">Spanien<\/a>: <a class=\"transition-colors duration-200 cursor-pointer text-inherit no-underline text-salemsfur md:hover:text-magenta md:hover:border-magenta md:focus:text-magenta border-current border-b border-solid break-words\" data-tracking=\"{&quot;action&quot;:&quot;click&quot;,&quot;category&quot;:&quot;intextLink&quot;,&quot;label&quot;:&quot;\/themen\/frankreich\/&quot;}\" href=\"https:\/\/www.t-online.de\/themen\/frankreich\/\" data-sctrack=\"BodyAnchor\" rel=\"nofollow noopener\" target=\"_blank\">Frankreich<\/a>, <a class=\"transition-colors duration-200 cursor-pointer text-inherit no-underline text-salemsfur md:hover:text-magenta md:hover:border-magenta md:focus:text-magenta border-current border-b border-solid break-words\" data-tracking=\"{&quot;action&quot;:&quot;click&quot;,&quot;category&quot;:&quot;intextLink&quot;,&quot;label&quot;:&quot;\/themen\/grossbritannien\/&quot;}\" href=\"https:\/\/www.t-online.de\/themen\/grossbritannien\/\" data-sctrack=\"BodyAnchor\" rel=\"nofollow noopener\" target=\"_blank\">Gro\u00dfbritannien<\/a>, <a class=\"transition-colors duration-200 cursor-pointer text-inherit no-underline text-salemsfur md:hover:text-magenta md:hover:border-magenta md:focus:text-magenta border-current border-b border-solid break-words\" data-tracking=\"{&quot;action&quot;:&quot;click&quot;,&quot;category&quot;:&quot;intextLink&quot;,&quot;label&quot;:&quot;\/themen\/italien\/&quot;}\" href=\"https:\/\/www.t-online.de\/themen\/italien\/\" data-sctrack=\"BodyAnchor\" rel=\"nofollow noopener\" target=\"_blank\">Italien<\/a> und Deutschland. Der Sieger-Song und -Interpret steht nach dem Finale in Wien mit seinem traditionell komplizierten Punkteverfahren (mit Jury- und Zuschauerabstimmung) in der Nacht zum 17. Mai gegen 1 Uhr fest.<\/p>\n","protected":false},"excerpt":{"rendered":"&#8222;Ich freue mich sehr&#8220; Schlagerstar Vicky Leandros tritt beim ESC auf 04.05.2026 &#8211; 07:37 UhrLesedauer: 1 Min. Vicky&hellip;\n","protected":false},"author":2,"featured_media":993127,"comment_status":"","ping_status":"","sticky":false,"template":"","format":"standard","meta":{"footnotes":"","_share_on_mastodon":"0"},"categories":[155],"tags":[9492,29,214,30,215,50381,6296],"class_list":["post-993126","post","type-post","status-publish","format-standard","has-post-thumbnail","category-unterhaltung","tag-bild-zeitung","tag-deutschland","tag-entertainment","tag-germany","tag-unterhaltung","tag-vicky-leandros","tag-wien"],"share_on_mastodon":{"url":"https:\/\/pubeurope.com\/@de\/116514969984455654","error":""},"_links":{"self":[{"href":"https:\/\/www.europesays.com\/de\/wp-json\/wp\/v2\/posts\/993126","targetHints":{"allow":["GET"]}}],"collection":[{"href":"https:\/\/www.europesays.com\/de\/wp-json\/wp\/v2\/posts"}],"about":[{"href":"https:\/\/www.europesays.com\/de\/wp-json\/wp\/v2\/types\/post"}],"author":[{"embeddable":true,"href":"https:\/\/www.europesays.com\/de\/wp-json\/wp\/v2\/users\/2"}],"replies":[{"embeddable":true,"href":"https:\/\/www.europesays.com\/de\/wp-json\/wp\/v2\/comments?post=993126"}],"version-history":[{"count":0,"href":"https:\/\/www.europesays.com\/de\/wp-json\/wp\/v2\/posts\/993126\/revisions"}],"wp:featuredmedia":[{"embeddable":true,"href":"https:\/\/www.europesays.com\/de\/wp-json\/wp\/v2\/media\/993127"}],"wp:attachment":[{"href":"https:\/\/www.europesays.com\/de\/wp-json\/wp\/v2\/media?parent=993126"}],"wp:term":[{"taxonomy":"category","embeddable":true,"href":"https:\/\/www.europesays.com\/de\/wp-json\/wp\/v2\/categories?post=993126"},{"taxonomy":"post_tag","embeddable":true,"href":"https:\/\/www.europesays.com\/de\/wp-json\/wp\/v2\/tags?post=993126"}],"curies":[{"name":"wp","href":"https:\/\/api.w.org\/{rel}","templated":true}]}}