{"id":993153,"date":"2026-05-04T07:05:25","date_gmt":"2026-05-04T07:05:25","guid":{"rendered":"https:\/\/www.europesays.com\/de\/993153\/"},"modified":"2026-05-04T07:05:25","modified_gmt":"2026-05-04T07:05:25","slug":"wohnen-in-karlsruhe-stadt-verkauft-immobilien","status":"publish","type":"post","link":"https:\/\/www.europesays.com\/de\/993153\/","title":{"rendered":"Wohnen in Karlsruhe: Stadt verkauft Immobilien"},"content":{"rendered":"<p class=\"mb-6 text-xs md:text-m lg:text-l font-serif group-[.font-sans]:font-sans \">\n    Die Stadt <a href=\"https:\/\/www.ka-news.de\/promis\/karlsruhe-kulturlandschaft-technologieregion-und-residenz-des-rechts-die-faecherstadt-im-ueberblick-art-2783253\" target=\"_self\" class=\"underline \" rel=\"nofollow noopener\">Karlsruhe<\/a> hat <strong class=\"font-bold\">aufgrund ihrer <a href=\"https:\/\/www.ka-news.de\/karlsruhe\/stadtgespraech\/gemeinderat-karlsruhe-neue-haushaltssperre-von-60-millionen-geplant-27-3-26-113803890\" target=\"_self\" class=\"underline \" rel=\"nofollow noopener\">finanziell schlechten Lage<\/a> bereits 2025 Auflagen des Regierungspr\u00e4sidiums erhalten<\/strong>, um ihren Finanzhaushalt zu verbessern. In der Sitzung vom 29. April 2025 stimmte der Gemeinderat der Auflage der \u201eVer\u00e4u\u00dferung nicht notwendiges Betriebsverm\u00f6gen\u201c zu. Sprich: <strong class=\"font-bold\">Die Stadt soll Dinge verkaufen, die sie f\u00fcr ihren Betrieb nicht unbedingt braucht.<\/strong>\n  <\/p>\n<p class=\"mb-6 text-xs md:text-m lg:text-l font-serif group-[.font-sans]:font-sans \">\n    <strong class=\"font-bold\">Die Stadt hat sich in diesem Zuge nun f\u00fcr den Verkauf folgender drei Immobilien entschieden.<\/strong>\n  <\/p>\n<ul rel=\"\" class=\"[&amp;&gt;li]:relative list-none  [&amp;&gt;li]:pl-[1.2em] [&amp;&gt;li]:marker:text-[0] [&amp;&gt;li]:relative [&amp;&gt;li]:before:absolute [&amp;&gt;li]:before:w-3 [&amp;&gt;li]:before:h-3 [&amp;&gt;li]:before:bg-brand [&amp;&gt;li]:before:left-0 [&amp;&gt;li]:before:top-[8px] [&amp;&gt;li]:before:rounded-full  my-5\">\n<li class=\" mb-3 text-xs md:text-m lg:text-l\">Hebelstra\u00dfe 13 (ehemals Haus der Fraktionen)<\/li>\n<li class=\" mb-3 text-xs md:text-m lg:text-l\">Jahnstra\u00dfe 20 (ehemaliges Geb\u00e4ude des Badischen KONServatoriums)<\/li>\n<li class=\" mb-3 text-xs md:text-m lg:text-l\">Bismarckstra\u00dfe 24 (Haus Solms)<\/li>\n<\/ul>\n<p>            Neue Studentenwohnungen in der Hebelstra\u00dfe geplant<\/p>\n<p class=\"mb-6 text-xs md:text-m lg:text-l font-serif group-[.font-sans]:font-sans \">\n    Zur Ver\u00e4u\u00dferung der Immobilie Hebelstra\u00dfe (ehemals Haus der Fraktionen) wurden wohl bereits \u201evertiefende Gespr\u00e4che mit Interessenten gef\u00fchrt, welche eine<strong class=\"font-bold\"> Nutzung f\u00fcr studentisches Wohnen im Wohn- und Gesch\u00e4ftshaus <\/strong>umsetzen wollen.\u201c Derzeit<strong class=\"font-bold\"> offen sei noch die endg\u00fcltige Zusage des Interessenten.<\/strong>\n  <\/p>\n<p>    <img decoding=\"async\" src=\"https:\/\/images.mgpd.de\/img\/114046325\/crop\/c16_9-w100\/1090147930\/1505066243\/whatsapp-image-2026-04-22-at-143024-1.jpg\" alt=\"Die Hebelstra\u00dfe 13 in Karlsruhe.\" title=\"Die Hebelstra\u00dfe 13 in Karlsruhe.\" loading=\"lazy\" class=\"h-full w-full object-cover\"\/><\/p>\n<p>      Icon vergr\u00f6\u00dfern<\/p>\n<p>    Die Hebelstra\u00dfe 13 in Karlsruhe.<br \/>\n    Foto: Thomas Riedel<\/p>\n<p>        Schlie\u00dfen <\/p>\n<p>      Icon Schlie\u00dfen<\/p>\n<p>        Icon vergr\u00f6\u00dfern<\/p>\n<p>        Icon verkleinern<\/p>\n<p>      Icon Pfeil bewegen<\/p>\n<p>    Die Hebelstra\u00dfe 13 in Karlsruhe.<br \/>\n    Foto: Thomas Riedel<\/p>\n<p class=\"mb-6 text-xs md:text-m lg:text-l font-serif group-[.font-sans]:font-sans \">\n    Das Ziel der Stadt sei es, diesen Verkauf im Sommer 2026 abzuschlie\u00dfen. Sollte keine Einigung erzielt werden, so soll die Immobilie h\u00f6chst bietend verkauft werden.\n  <\/p>\n<p>            Au\u00dferdem sollen verkauft werden:<\/p>\n<p class=\"mb-6 text-xs md:text-m lg:text-l font-serif group-[.font-sans]:font-sans \">\n    Das stark sanierungsbed\u00fcrftige Geb\u00e4ude in der <strong class=\"font-bold\">Bismarckstra\u00dfe<\/strong>, auch bekannt als Haus Solms, beherbergt aktuell noch das Karlsruher <strong class=\"font-bold\">Standesamt. Dieses soll nun nach der Fertigstellung der Umbauarbeiten in das Hochbergisch Markgr\u00e4fliche Palais am Rodellplatz umziehen.<\/strong> Doch \u201eDas Haus Solms wird noch bis mindestens Ende des Jahres 2026 f\u00fcr Trauungen genutzt werden, da das Standesamt die Termine halbj\u00e4hrlich im Voraus geplant hat\u201c, hei\u00dft es in der st\u00e4dtischen Vorlage.\n  <\/p>\n<p>    <img decoding=\"async\" src=\"https:\/\/images.mgpd.de\/img\/114046349\/crop\/c16_9-w100\/154535031\/605499446\/whatsapp-image-2026-04-22-at-144429.jpg\" alt=\"Haus Solms in der Bismarckstra\u00dfe 24 in Karlsruhe.\" title=\"Haus Solms in der Bismarckstra\u00dfe 24 in Karlsruhe.\" loading=\"lazy\" class=\"h-full w-full object-cover\"\/><\/p>\n<p>      Icon vergr\u00f6\u00dfern<\/p>\n<p>    Haus Solms in der Bismarckstra\u00dfe 24 in Karlsruhe.<br \/>\n    Foto: Thomas Riedel<\/p>\n<p>        Schlie\u00dfen <\/p>\n<p>      Icon Schlie\u00dfen<\/p>\n<p>        Icon vergr\u00f6\u00dfern<\/p>\n<p>        Icon verkleinern<\/p>\n<p>      Icon Pfeil bewegen<\/p>\n<p>    Haus Solms in der Bismarckstra\u00dfe 24 in Karlsruhe.<br \/>\n    Foto: Thomas Riedel<\/p>\n<p class=\"mb-6 text-xs md:text-m lg:text-l font-serif group-[.font-sans]:font-sans \">\n    Bereits leer stehend ist hingegen das Objekt in der <strong class=\"font-bold\">Jahnstra\u00dfe, welches zuletzt das Badische KONServatorium beherbergte. Beide Immobilien sollen zeitnah im H\u00f6chstgebotsverfahren verkauft werden.<\/strong>\n  <\/p>\n<p>    <img decoding=\"async\" src=\"https:\/\/images.mgpd.de\/img\/114046356\/crop\/c16_9-w100\/2041290443\/1722734130\/whatsapp-image-2026-04-22-at-144656-1.jpg\" alt=\"Jahnstra\u00dfe 20 in Karlsruhe.\" title=\"Jahnstra\u00dfe 20 in Karlsruhe.\" loading=\"lazy\" class=\"h-full w-full object-cover\"\/><\/p>\n<p>      Icon vergr\u00f6\u00dfern<\/p>\n<p>    Jahnstra\u00dfe 20 in Karlsruhe.<br \/>\n    Foto: Thomas Riedel<\/p>\n<p>        Schlie\u00dfen <\/p>\n<p>      Icon Schlie\u00dfen<\/p>\n<p>        Icon vergr\u00f6\u00dfern<\/p>\n<p>        Icon verkleinern<\/p>\n<p>      Icon Pfeil bewegen<\/p>\n<p>    Jahnstra\u00dfe 20 in Karlsruhe.<br \/>\n    Foto: Thomas Riedel<\/p>\n<p class=\"mb-6 text-xs md:text-m lg:text-l font-serif group-[.font-sans]:font-sans \">\n    Als weitere zu ver\u00e4u\u00dfernde Immobilie wurde zudem die <strong class=\"font-bold\">Kaiserallee 4 (Rathaus West)<\/strong> identifiziert. \u00dcber das weitere Vorgehen zu dieser Immobilie soll laut Stadt eine <strong class=\"font-bold\">gesonderte Vorlage in einer der n\u00e4chsten Sitzungen <\/strong>der st\u00e4dtischen Gremien eingebracht werden.\n  <\/p>\n<p>            KAL \u00e4u\u00dfert erste Einw\u00e4nde aus dem Gemeinderat<\/p>\n<p class=\"mb-6 text-xs md:text-m lg:text-l font-serif group-[.font-sans]:font-sans \">\n    In einem Antrag der KAL zum Verkauf von st\u00e4dtischen Immobilien zur Verbesserung des Finanzhaushalts fordert die Fraktion, dass die <strong class=\"font-bold\">Stadtverwaltung ihre Immobilien grunds\u00e4tzlich nur noch in Vermietung oder Erbpacht gibt &#8211; nicht verkauft.<\/strong> Nur in begr\u00fcndeten Ausnahmef\u00e4llen sollte der Gemeinderat den Verkauf beschlie\u00dfen. Dazu soll die Verwaltung zur Beurteilung der Objekte einen nachvollziehbaren Kriterienkatalog erarbeiten.\n  <\/p>\n<p class=\"mb-6 text-xs md:text-m lg:text-l font-serif group-[.font-sans]:font-sans \">\n    Die Stadt sagt dazu in ihrer Stellungnahme, dass der Antrag dem 2025 beschlossenen Verwaltungsauftrag widerspreche. Sie empfiehlt daher, den Antrag abzulehnen.\n  <\/p>\n<p>            Aktualisierung, 29. April:<\/p>\n<p class=\"mb-6 text-xs md:text-m lg:text-l font-serif group-[.font-sans]:font-sans \">\n    Der Gemeinderat hat in seiner Sitzung am 28. April \u00fcber das weitere Vorgehen entschieden.<strong class=\"font-bold\"> Nur Immobilien in der Hebelstra\u00dfe sowie in der Jahnstra\u00dfe sollen wir von der Verwaltung wie geplant verkauft werden.<\/strong> Daf\u00fcr sprach sich der Gemeinderat mehrheitlich aus.\n  <\/p>\n","protected":false},"excerpt":{"rendered":"Die Stadt Karlsruhe hat aufgrund ihrer finanziell schlechten Lage bereits 2025 Auflagen des Regierungspr\u00e4sidiums erhalten, um ihren Finanzhaushalt&hellip;\n","protected":false},"author":2,"featured_media":993154,"comment_status":"","ping_status":"","sticky":false,"template":"","format":"standard","meta":{"footnotes":"","_share_on_mastodon":"0"},"categories":[1844],"tags":[58167,1634,3364,29,30,5411,8903,5337],"class_list":["post-993153","post","type-post","status-publish","format-standard","has-post-thumbnail","category-karlsruhe","tag-stadtkasse","tag-baden-wuerttemberg","tag-de","tag-deutschland","tag-germany","tag-immobilie","tag-karlsruhe","tag-wohnungen"],"share_on_mastodon":{"url":"https:\/\/pubeurope.com\/@de\/116515040938436041","error":""},"_links":{"self":[{"href":"https:\/\/www.europesays.com\/de\/wp-json\/wp\/v2\/posts\/993153","targetHints":{"allow":["GET"]}}],"collection":[{"href":"https:\/\/www.europesays.com\/de\/wp-json\/wp\/v2\/posts"}],"about":[{"href":"https:\/\/www.europesays.com\/de\/wp-json\/wp\/v2\/types\/post"}],"author":[{"embeddable":true,"href":"https:\/\/www.europesays.com\/de\/wp-json\/wp\/v2\/users\/2"}],"replies":[{"embeddable":true,"href":"https:\/\/www.europesays.com\/de\/wp-json\/wp\/v2\/comments?post=993153"}],"version-history":[{"count":0,"href":"https:\/\/www.europesays.com\/de\/wp-json\/wp\/v2\/posts\/993153\/revisions"}],"wp:featuredmedia":[{"embeddable":true,"href":"https:\/\/www.europesays.com\/de\/wp-json\/wp\/v2\/media\/993154"}],"wp:attachment":[{"href":"https:\/\/www.europesays.com\/de\/wp-json\/wp\/v2\/media?parent=993153"}],"wp:term":[{"taxonomy":"category","embeddable":true,"href":"https:\/\/www.europesays.com\/de\/wp-json\/wp\/v2\/categories?post=993153"},{"taxonomy":"post_tag","embeddable":true,"href":"https:\/\/www.europesays.com\/de\/wp-json\/wp\/v2\/tags?post=993153"}],"curies":[{"name":"wp","href":"https:\/\/api.w.org\/{rel}","templated":true}]}}