{"id":993288,"date":"2026-05-04T08:19:14","date_gmt":"2026-05-04T08:19:14","guid":{"rendered":"https:\/\/www.europesays.com\/de\/993288\/"},"modified":"2026-05-04T08:19:14","modified_gmt":"2026-05-04T08:19:14","slug":"borussia-moenchengladbach-haris-tabakovic-geht-als-held-sport","status":"publish","type":"post","link":"https:\/\/www.europesays.com\/de\/993288\/","title":{"rendered":"Borussia M\u00f6nchengladbach: Haris Tabakovic geht als Held | Sport"},"content":{"rendered":"<p><a class=\"skip-content skip-content--link\" href=\"#in-content-skip-link-target-v-0-0\">TTS-Player \u00fcberspringen\u21b5<\/a><a id=\"in-content-skip-link-target-v-0-0\" class=\"skip-content--target-link-hidden skip-content skip-content--target-link\" href=\"#in-content-skip-link-target-v-0-0\">Artikel weiterlesen<\/a><\/p>\n<p><b>Was f\u00fcr ein Abschiedsgeschenk! Haris Tabakovic (31) hat ganz Gladbach nach Wochen des Grusel-Fu\u00dfballs mit seinem Last-Minute-1:0 gegen Dortmund in Ekstase versetzt. Die Rettung ist damit einget\u00fctet, der VfL bleibt trotz einer fu\u00dfballerisch miserablen Saison erstklassig. In der kommenden Saison wird der Super-Knipser (14 Tore und 3 Assists in 34 Pflichtspielen) aber die Fans in einem anderen Heimstadion mitrei\u00dfen\u00a0\u2013 Manager Rouven Schr\u00f6der (50) kann oder will sich die Fest-Verpflichtung der Hoffenheim-Leihgabe nicht leisten.<\/b><\/p>\n<p>Doch Tabakovic geht als Held \u2013 und das gleich in doppelter Hinsicht. Gerade erst hat er mit zwei Toren in den WM-Play-offs gegen Italien sein kleines Land Bosnien-Herzegowina zur Weltmeisterschaft in den USA, Kanada und Mexiko geballert. Bis heute herrscht in seiner Heimat emotionaler Ausnahmezustand. Jetzt sorgte er nach Traumpass von Rocco Reitz (23) f\u00fcr die Erl\u00f6sung im Borussia-Park. Geht schlechter, oder? Tabakovic zu BILD: \u201eJa, das sind schon sehr besondere Wochen f\u00fcr mich gerade.  Alles sehr emotional. Es war auch nicht einfach zuletzt. Seit Februar habe ich f\u00fcr Gladbach nicht mehr getroffen und auch gegen Dortmund hatte ich vorher schon Szenen, wo der Ball h\u00e4tte hineingehen k\u00f6nnen.\u201c <\/p>\n<p>\u201eImmer wieder aufstehen und weitermachen\u201c<\/p>\n<p>Dass er trotzdem immer weiter an sich glaubt, bis in die 88. Minute\u00a0\u2013 wie ist das zu erkl\u00e4ren? Tabakovic: \u201eDa ist Fu\u00dfball f\u00fcr mich wie das normale Leben: Immer wieder aufstehen, weitermachen, Resilienz zeigen,  immer wieder den Reset-Knopf dr\u00fccken. Aber dieser Sieg ist vor allem ein Sieg der Mannschaft, wir haben uns den Erfolg absolut verdient.\u201c Auch Coach Eugen Polanski (40) feiert Tabakovic f\u00fcr sein unfassbares Durchhalteverm\u00f6gen, das <a href=\"https:\/\/www.bild.de\/sport\/fussball\/borussia-moenchengladbach\/startseite-borussia-moenchengladbach-31074418.bild.html\" class=\"text-link\" rel=\"nofollow noopener\" target=\"_blank\">Gladbach<\/a> den <a href=\"https:\/\/www.bild.de\/sport\/fussball\/bundesliga\/bundesliga-startseite-52368768.bild.html\" class=\"text-link\" rel=\"nofollow noopener\" target=\"_blank\">Bundesliga<\/a>-Verbleib gesichert hat: \u201eHaris ist ein herausragender Mentalit\u00e4tsspieler.\u201c Dann verr\u00e4t er auf BILD-Nachfrage: \u201eIch hatte vorher kurz \u00fcberlegt, frische Beine hereinzubringen. Aber ich habe zuletzt ein Gespr\u00e4ch mit Haris gef\u00fchrt. Nach dem Mainz-Spiel habe ich mit ihm besprochen, dass er der Mannschaft noch mehr  geben muss, auch wenn er nicht trifft. Da hat er mich gefragt: Trainer, warum nimmst du mich dann raus? Daran habe ich mich dann gegen Dortmund erinnert.\u201c Gute Entscheidung\u00a0\u2026<\/p>\n","protected":false},"excerpt":{"rendered":"TTS-Player \u00fcberspringen\u21b5Artikel weiterlesen Was f\u00fcr ein Abschiedsgeschenk! Haris Tabakovic (31) hat ganz Gladbach nach Wochen des Grusel-Fu\u00dfballs mit&hellip;\n","protected":false},"author":2,"featured_media":993289,"comment_status":"","ping_status":"","sticky":false,"template":"","format":"standard","meta":{"footnotes":"","_share_on_mastodon":"0"},"categories":[1849],"tags":[815,3364,29,538,548,663,3934,30,13,4455,14,15,1209,100524,12,819,114292],"class_list":["post-993288","post","type-post","status-publish","format-standard","has-post-thumbnail","category-moenchengladbach","tag-borussia-moenchengladbach","tag-de","tag-deutschland","tag-erste-bundesliga","tag-eu","tag-europa","tag-europe","tag-germany","tag-headlines","tag-moenchengladbach","tag-nachrichten","tag-news","tag-nordrhein-westfalen","tag-polanski-eugen","tag-schlagzeilen","tag-sport-leuchtturm-essen","tag-tabakovic-haris"],"share_on_mastodon":{"url":"https:\/\/pubeurope.com\/@de\/116515331584597749","error":""},"_links":{"self":[{"href":"https:\/\/www.europesays.com\/de\/wp-json\/wp\/v2\/posts\/993288","targetHints":{"allow":["GET"]}}],"collection":[{"href":"https:\/\/www.europesays.com\/de\/wp-json\/wp\/v2\/posts"}],"about":[{"href":"https:\/\/www.europesays.com\/de\/wp-json\/wp\/v2\/types\/post"}],"author":[{"embeddable":true,"href":"https:\/\/www.europesays.com\/de\/wp-json\/wp\/v2\/users\/2"}],"replies":[{"embeddable":true,"href":"https:\/\/www.europesays.com\/de\/wp-json\/wp\/v2\/comments?post=993288"}],"version-history":[{"count":0,"href":"https:\/\/www.europesays.com\/de\/wp-json\/wp\/v2\/posts\/993288\/revisions"}],"wp:featuredmedia":[{"embeddable":true,"href":"https:\/\/www.europesays.com\/de\/wp-json\/wp\/v2\/media\/993289"}],"wp:attachment":[{"href":"https:\/\/www.europesays.com\/de\/wp-json\/wp\/v2\/media?parent=993288"}],"wp:term":[{"taxonomy":"category","embeddable":true,"href":"https:\/\/www.europesays.com\/de\/wp-json\/wp\/v2\/categories?post=993288"},{"taxonomy":"post_tag","embeddable":true,"href":"https:\/\/www.europesays.com\/de\/wp-json\/wp\/v2\/tags?post=993288"}],"curies":[{"name":"wp","href":"https:\/\/api.w.org\/{rel}","templated":true}]}}