{"id":993290,"date":"2026-05-04T08:20:16","date_gmt":"2026-05-04T08:20:16","guid":{"rendered":"https:\/\/www.europesays.com\/de\/993290\/"},"modified":"2026-05-04T08:20:16","modified_gmt":"2026-05-04T08:20:16","slug":"app-statt-arzt-systemaenderung-zu-lasten-der-gesetzlich-versicherten-geplant","status":"publish","type":"post","link":"https:\/\/www.europesays.com\/de\/993290\/","title":{"rendered":"App statt Arzt &#8211; System\u00e4nderung zu Lasten der gesetzlich Versicherten geplant"},"content":{"rendered":"<p class=\"date\">04.05.2026 \u2013 10:00<\/p>\n<p class=\"customer\">\n                        <a class=\"story-customer\" title=\"weiter zum newsroom von Freie \u00c4rzteschaft e.V.\" href=\"https:\/\/www.presseportal.de\/nr\/57691\" rel=\"nofollow noopener\" target=\"_blank\">Freie \u00c4rzteschaft e.V.<\/a>\n                    <\/p>\n<p><a data-category=\"citylink-story-view\" data-action=\"click\" data-label=\"Citylink in Meldungsansicht\" class=\"story-city event-trigger\" href=\"https:\/\/www.presseportal.de\/regional\/Essen%252FHamburg\" title=\"News aus Essen\/Hamburg \" rel=\"nofollow noopener\" target=\"_blank\">Essen\/Hamburg<\/a> (ots)<\/p>\n<p> Die Digitalstrategie aus dem Hause Warken zeigt in der Umsetzung des Referentenentwurfs zum neuen &#8222;Gesetz f\u00fcr Daten und digitale Innovation (GeDIG)&#8220; das Ziel einer grundlegenden Ver\u00e4nderung des Gesundheitswesens, das vor allem gesetzlich Versicherte betrifft. <\/p>\n<p> Im Koalitionsvertrag von 2025 wurde angek\u00fcndigt, ein &#8222;verpflichtendes Prim\u00e4rarztsystem&#8220; in Deutschland einzuf\u00fchren. W\u00fcrde bedeuten, dass Patienten immer zuerst zu Haus\u00e4rztin oder Hausarzt gehen m\u00fcssen, um sich eine \u00dcberweisung zum Facharzt zu holen. Eindeutiger Plan von Politik und Kassen dabei: Die Inanspruchnahme und damit auch die Finanzierung der Arztpraxen im ambulanten System zu reduzieren, obgleich die ambulanten Praxen in der Versorgung am kosteng\u00fcnstigsten sind. <\/p>\n<p> &#8222;Die Probleme bei dieser Zielsetzung wurden aber auch schnell klar&#8220;, erkl\u00e4rt Dr. Silke L\u00fcder, Fach\u00e4rztin f\u00fcr Allgemeinmedizin und stellvertretende Bundesvorsitzende der Freien \u00c4rzteschaft heute in Hamburg. &#8222;Jetzt sind schon 5000 Hausarztsitze bundesweit unbesetzt, und es werden in den n\u00e4chsten Jahren sicher noch mehr werden. Seit Monaten wird nun nicht mehr vom &#8218;Prim\u00e4rarztsystem&#8216;, sondern stattdessen von einem &#8218;Prim\u00e4rversorgungssystem&#8216; gesprochen&#8220;, so L\u00fcder. Und hier geht es absolut nicht um ein semantisches Problem &#8211; hier wird ein v\u00f6llig anderes System geplant!&#8220; <\/p>\n<p> &#8222;K\u00fcnftig soll \u00fcber eine App zur elektronischen Patientenakte unter Verwaltung der Krankenkassen der Patient eine verpflichtende Ersteinsch\u00e4tzungs-APP durchlaufen. Also zum Beispiel 30 Fragen beantworten, wie beim bisher in der Notfallmedizin genutzten SMED-Algorithmus. Dann leitet die Kassen-APP ihn weiter an eine Terminbuchungsplattform. Das Ergebnis der 30 Fragen wird der Kasse offen angezeigt. Dabei kann das Resultat sein: Zuhause bleiben, Arztbesuch nicht n\u00f6tig. Oder: Morgen zum Hausarzt, oder: Der Patient wird zur Terminbuchungsplattform weitergeleitet, um sich einen Facharzttermin zu besorgen. Da die Politik bei der Facharztmedizin jedoch deutlich sparen will, wird es dort k\u00fcnftig deutlich weniger Termine geben. Der Patient hat also nach dem Konzept des &#8218;GeDIG&#8216; in Zukunft keine M\u00f6glichkeit eines einfachen, direkten Zugangs zum Arzt oder zur \u00c4rztin mehr &#8211; weder zur Haus\u00e4rztin noch zum Facharzt. Freie Arztwahl ist dann genauso abgeschafft wie eine sinnvolle unabh\u00e4ngige Steuerung, die bisher meistens durch die Arztpraxen erfolgt.&#8220;, kritisiert L\u00fcder. &#8222;Die Politik wird es nicht zugeben. Aber hier erfahren die gesetzlich Versicherten offenkundig eine deutliche Leistungseinschr\u00e4nkung&#8220;, erg\u00e4nzt L\u00fcder. &#8222;Und es werden nat\u00fcrlich alle B\u00fcrger ausgegrenzt, die keinen Zugang zur ePA-App nutzen k\u00f6nnen &#8211; und damit wird auch die vermeintliche Freiwilligkeit zur Teilnahme an der e-Patientenakte kompromittiert&#8220;. <\/p>\n<p><b>Krankenkassenziel: Vom Payer zum Player<\/b><\/p>\n<p> Seit Jahrzehnten geplant, kommen die Krankenkassen diesem Ziel jetzt nahe: Sie k\u00f6nnen laut dem Gesetzentwurf zum GeDIG nicht nur deutlich mehr Daten auswerten als bisher. Zus\u00e4tzlich d\u00fcrfen Kassenmitarbeiter direkt auf die Versicherten zugehen, oder sie beraten, zum Beispiel nach Auswertung ihrer schon vorhandenen Daten (Raucherstatus, Gewicht, Alkoholabusus usw.). Das ist bisher die verantwortungsvolle Aufgabe des Haus- oder Facharztes, und unter einem gesch\u00fctzten Vertrauensverh\u00e4ltnis ja auch h\u00e4ufig erfolgreich, so L\u00fcder. &#8222;Eine so genannte Beratung durch fraglich kompetente Krankenkassenmitarbeiter ist da eher kontraproduktiv. Politik und Krankenkassen legen hier die Axt an unser Gesundheitswesen mit hoch professionalisierten \u00c4rztinnen und \u00c4rzten, die im Interesse ihrer Patienten handeln &#8211; aber ohne ihre Ziele ehrlich zu kommunizieren. Diese System\u00e4nderung muss gestoppt werden! <\/p>\n<p> \u00dcber die Freie \u00c4rzteschaft e.V. <\/p>\n<p> Die Freie \u00c4rzteschaft e. V. (F\u00c4) ist ein Verband, der den Arztberuf als freien Beruf verteidigt. Er wurde 2004 gegr\u00fcndet und vertritt vorwiegend niedergelassene Haus- und Fach\u00e4rzte sowie verschiedene \u00c4rztenetze. Vorsitzender des Bundesverbandes ist Wieland Dietrich, Dermatologe in Essen. Ziel der F\u00c4 ist eine unabh\u00e4ngige Medizin, bei der Patient und Arzt im Mittelpunkt stehen und die \u00e4rztliche Schweigepflicht gewahrt bleibt. <\/p>\n<p class=\"contact-headline\">Pressekontakt:<\/p>\n<p class=\"contact-text\">V .i. S. d. P.: Wieland Dietrich, Freie \u00c4rzteschaft e.V.,<br \/>Vorsitzender, Gervinusstra\u00dfe 10, 45144 Essen, Tel.: 0201 68586090,<br \/>E-Mail: <a href=\"https:\/\/www.presseportal.de\/pm\/57691\/mailto: mail@freie-aerzteschaft.de\" class=\"uri-mailto\" rel=\"nofollow noopener\" target=\"_blank\"> mail@freie-aerzteschaft.de<\/a>, <a target=\"_blank\" class=\"uri-ext outbound\" rel=\"noopener nofollow\" href=\"https:\/\/www.freie-aerzteschaft.de\">www.freie-aerzteschaft.de<\/a><\/p>\n<p class=\"originator\">Original-Content von: Freie \u00c4rzteschaft e.V., \u00fcbermittelt durch news aktuell<\/p>\n","protected":false},"excerpt":{"rendered":"04.05.2026 \u2013 10:00 Freie \u00c4rzteschaft e.V. Essen\/Hamburg (ots) Die Digitalstrategie aus dem Hause Warken zeigt in der Umsetzung&hellip;\n","protected":false},"author":2,"featured_media":386213,"comment_status":"","ping_status":"","sticky":false,"template":"","format":"standard","meta":{"footnotes":"","_share_on_mastodon":"0"},"categories":[1848],"tags":[19041,3364,29,548,663,3934,214582,3658,30,141,4612,13,1188,14,15,1209,178,180,179,181,214583,12],"class_list":["post-993290","post","type-post","status-publish","format-standard","has-post-thumbnail","category-gelsenkirchen","tag-rzte","tag-de","tag-deutschland","tag-eu","tag-europa","tag-europe","tag-gedig","tag-gelsenkirchen","tag-germany","tag-gesundheit","tag-gesundheitspolitik","tag-headlines","tag-krankenversicherung","tag-nachrichten","tag-news","tag-nordrhein-westfalen","tag-presse","tag-pressemeldung","tag-pressemitteilung","tag-pressemitteilungen","tag-primrarztsystem","tag-schlagzeilen"],"share_on_mastodon":{"url":"https:\/\/pubeurope.com\/@de\/116515335939355469","error":""},"_links":{"self":[{"href":"https:\/\/www.europesays.com\/de\/wp-json\/wp\/v2\/posts\/993290","targetHints":{"allow":["GET"]}}],"collection":[{"href":"https:\/\/www.europesays.com\/de\/wp-json\/wp\/v2\/posts"}],"about":[{"href":"https:\/\/www.europesays.com\/de\/wp-json\/wp\/v2\/types\/post"}],"author":[{"embeddable":true,"href":"https:\/\/www.europesays.com\/de\/wp-json\/wp\/v2\/users\/2"}],"replies":[{"embeddable":true,"href":"https:\/\/www.europesays.com\/de\/wp-json\/wp\/v2\/comments?post=993290"}],"version-history":[{"count":0,"href":"https:\/\/www.europesays.com\/de\/wp-json\/wp\/v2\/posts\/993290\/revisions"}],"wp:featuredmedia":[{"embeddable":true,"href":"https:\/\/www.europesays.com\/de\/wp-json\/wp\/v2\/media\/386213"}],"wp:attachment":[{"href":"https:\/\/www.europesays.com\/de\/wp-json\/wp\/v2\/media?parent=993290"}],"wp:term":[{"taxonomy":"category","embeddable":true,"href":"https:\/\/www.europesays.com\/de\/wp-json\/wp\/v2\/categories?post=993290"},{"taxonomy":"post_tag","embeddable":true,"href":"https:\/\/www.europesays.com\/de\/wp-json\/wp\/v2\/tags?post=993290"}],"curies":[{"name":"wp","href":"https:\/\/api.w.org\/{rel}","templated":true}]}}