{"id":993574,"date":"2026-05-04T11:00:26","date_gmt":"2026-05-04T11:00:26","guid":{"rendered":"https:\/\/www.europesays.com\/de\/993574\/"},"modified":"2026-05-04T11:00:26","modified_gmt":"2026-05-04T11:00:26","slug":"wuerselen-jugendliche-greifen-maenner-mit-messer-an","status":"publish","type":"post","link":"https:\/\/www.europesays.com\/de\/993574\/","title":{"rendered":"W\u00fcrselen: Jugendliche greifen M\u00e4nner mit Messer an"},"content":{"rendered":"<p>\u00dcberfall bei Aachen <\/p>\n<p>Jugendliche greifen M\u00e4nner mit Messer an<\/p>\n<p>04.05.2026 &#8211; 11:54 UhrLesedauer: 1 Min.<\/p>\n<p><a href=\"#focus-0\" class=\"transition-colors duration-200 block text-current relative\" data-sctrack=\"FocusGalleryImage.Reference\"><img fetchpriority=\"high\" data-testid=\"Opener.Image\"   loading=\"eager\" src=\"https:\/\/www.europesays.com\/de\/wp-content\/uploads\/2026\/05\/blaulicht-symbolbild.jpg\" alt=\"imago images 0855091283\" title=\"imago images 0855091283\" width=\"4000\" height=\"2250\" class=\"bg-[url:var(--lqipURL)] bg-cover bg-center flex h-full w-full max-w-full\" style=\"--lqipURL:url('https:\/\/images.t-online.de\/2026\/05\/rYhB3lnJjiSg\/0x209:4000x2250\/fit-in\/150x0\/filters:blur(25)\/blaulicht-symbolbild.jpg')\" decoding=\"async\"\/><img loading=\"lazy\" src=\"https:\/\/aachen.t-online.de\/s\/paper\/_next\/static\/media\/zoom-in.f7dae02f.svg\" alt=\"Vergr\u00f6\u00dfern des Bildes\" title=\"Vergr\u00f6\u00dfern des Bildes\" class=\"block h-[calc(var(--height)_\/_16_*_1rem)] w-[calc(var(--width)_\/_16_*_1rem)] max-w-none absolute bottom-8 right-8 rounded-4 bg-snow p-8\" style=\"--width:32;--height:32\" decoding=\"async\"\/><\/a><\/p>\n<p>Blaulicht (Symbolbild): Zwei M\u00e4nner wurden angegriffen. (Quelle: IMAGO)<\/p>\n<p class=\"font-bold text-18 leading-17 user-text-lg:text-22 user-text-xl:text-24\">An einer Bushaltestelle werden zwei M\u00e4nner attackiert und verletzt. Die T\u00e4ter e.ntkommen unerkannt. Die Polizei sucht Zeugen.<\/p>\n<p class=\"text-18 leading-17 user-text-lg:text-22 user-text-xl:text-24\">In W\u00fcrselen sind am Samstagabend zwei M\u00e4nner an einer Bushaltestelle angegriffen und verletzt worden. Die Polizei Aachen sucht nun Zeugen.<\/p>\n<p class=\"text-18 leading-17 user-text-lg:text-22 user-text-xl:text-24\">Nach bisherigen Erkenntnissen der Polizei waren die beiden M\u00e4nner aus Baesweiler gegen 23 Uhr in einem Linienbus unterwegs gewesen. Die Fahrt f\u00fchrte von Baesweiler nach Aachen. Mehrere Jugendliche h\u00e4tten sie im Bus bedroht. Der 25-J\u00e4hrige und der 28-J\u00e4hrige h\u00e4tten daraufhin den Bus an der Haltestelle &#8222;Parkhotel&#8220; verlassen.<\/p>\n<p class=\"text-18 leading-17 user-text-lg:text-22 user-text-xl:text-24\">Die Jugendlichen sollen ebenfalls ausgestiegen sein. Sie sollen die M\u00e4nner mit Tritten, Schl\u00e4gen und einem Messer attackiert haben. Zudem sollen sie versucht haben, dem 28-J\u00e4hrigen das Handy zu rauben. Das Telefon sei dabei zu Boden gefallen. Die T\u00e4tergruppe sei ohne Beute in Richtung W\u00fcrselen gefl\u00fcchtet, wie die Polizei mitteilte.<\/p>\n<p class=\"text-18 leading-17 user-text-lg:text-22 user-text-xl:text-24\">Die beiden M\u00e4nner wurden leicht verletzt in ein Krankenhaus gebracht. Eine Fahndung nach den T\u00e4tern blieb erfolglos.<\/p>\n<p class=\"text-18 leading-17 user-text-lg:text-22 user-text-xl:text-24\">Die Kriminalpolizei ermittelt wegen schweren Raubes. Zeugen k\u00f6nnen sich unter 0241-9577 33401 melden. Au\u00dferhalb der B\u00fcrozeiten nimmt die Kriminalwache unter 0241-9577 34210 Hinweise entgegen.<\/p>\n","protected":false},"excerpt":{"rendered":"\u00dcberfall bei Aachen Jugendliche greifen M\u00e4nner mit Messer an 04.05.2026 &#8211; 11:54 UhrLesedauer: 1 Min. Blaulicht (Symbolbild): Zwei&hellip;\n","protected":false},"author":2,"featured_media":993575,"comment_status":"","ping_status":"","sticky":false,"template":"","format":"standard","meta":{"footnotes":"","_share_on_mastodon":"0"},"categories":[1853],"tags":[722,17161,1424,1419,1950,16036,3364,29,548,663,3934,30,13,1981,14,15,1209,121,12,5310,30436],"class_list":["post-993574","post","type-post","status-publish","format-standard","has-post-thumbnail","category-aachen","tag-722","tag-17161","tag-aachen","tag-baesweiler","tag-blaulicht","tag-bushaltestelle","tag-de","tag-deutschland","tag-eu","tag-europa","tag-europe","tag-germany","tag-headlines","tag-messer","tag-nachrichten","tag-news","tag-nordrhein-westfalen","tag-polizei","tag-schlagzeilen","tag-ueberfall","tag-wuerselen"],"share_on_mastodon":{"url":"https:\/\/pubeurope.com\/@de\/116515965920765359","error":""},"_links":{"self":[{"href":"https:\/\/www.europesays.com\/de\/wp-json\/wp\/v2\/posts\/993574","targetHints":{"allow":["GET"]}}],"collection":[{"href":"https:\/\/www.europesays.com\/de\/wp-json\/wp\/v2\/posts"}],"about":[{"href":"https:\/\/www.europesays.com\/de\/wp-json\/wp\/v2\/types\/post"}],"author":[{"embeddable":true,"href":"https:\/\/www.europesays.com\/de\/wp-json\/wp\/v2\/users\/2"}],"replies":[{"embeddable":true,"href":"https:\/\/www.europesays.com\/de\/wp-json\/wp\/v2\/comments?post=993574"}],"version-history":[{"count":0,"href":"https:\/\/www.europesays.com\/de\/wp-json\/wp\/v2\/posts\/993574\/revisions"}],"wp:featuredmedia":[{"embeddable":true,"href":"https:\/\/www.europesays.com\/de\/wp-json\/wp\/v2\/media\/993575"}],"wp:attachment":[{"href":"https:\/\/www.europesays.com\/de\/wp-json\/wp\/v2\/media?parent=993574"}],"wp:term":[{"taxonomy":"category","embeddable":true,"href":"https:\/\/www.europesays.com\/de\/wp-json\/wp\/v2\/categories?post=993574"},{"taxonomy":"post_tag","embeddable":true,"href":"https:\/\/www.europesays.com\/de\/wp-json\/wp\/v2\/tags?post=993574"}],"curies":[{"name":"wp","href":"https:\/\/api.w.org\/{rel}","templated":true}]}}