{"id":993653,"date":"2026-05-04T11:45:24","date_gmt":"2026-05-04T11:45:24","guid":{"rendered":"https:\/\/www.europesays.com\/de\/993653\/"},"modified":"2026-05-04T11:45:24","modified_gmt":"2026-05-04T11:45:24","slug":"bvb-plant-vertragsgespraeche-mit-kovac-sport","status":"publish","type":"post","link":"https:\/\/www.europesays.com\/de\/993653\/","title":{"rendered":"BVB plant Vertragsgespr\u00e4che mit Kovac | Sport"},"content":{"rendered":"<p><b>Die BVB-Bosse sind sich einig: Trainer Niko Kovac (46) ist der gr\u00f6\u00dfte Hoffnungstr\u00e4ger f\u00fcr die Zukunft von Borussia Dortmund. Die langfristige Zusammenarbeit wollen die Bosse nach BILD-Informationen jetzt auch vertraglich fixieren und mit dem Kroaten vorzeitig verl\u00e4ngern.<\/b><\/p>\n<p>Doch wie geht es jetzt konkret weiter? Mit BILD PLUS erfahren Sie, welchen Zeitplan der BVB verfolgt, welcher anderer Top-Klub zuletzt zu Kovac Kontakt aufnahm, um welche Laufzeit es geht und wie der Kroate selbst \u00fcber seine Zukunft denkt.<\/p>\n","protected":false},"excerpt":{"rendered":"Die BVB-Bosse sind sich einig: Trainer Niko Kovac (46) ist der gr\u00f6\u00dfte Hoffnungstr\u00e4ger f\u00fcr die Zukunft von Borussia&hellip;\n","protected":false},"author":2,"featured_media":993654,"comment_status":"","ping_status":"","sticky":false,"template":"","format":"standard","meta":{"footnotes":"","_share_on_mastodon":"0"},"categories":[1833],"tags":[888,3364,29,217,538,30,5133,9208,5131,1209,73392,803,819,5132],"class_list":["post-993653","post","type-post","status-publish","format-standard","has-post-thumbnail","category-dortmund","tag-borussia-dortmund","tag-de","tag-deutschland","tag-dortmund","tag-erste-bundesliga","tag-germany","tag-hueber-yannick","tag-kehl-sebastian","tag-kovac-niko","tag-nordrhein-westfalen","tag-schroeer-michel","tag-spielertransfer","tag-sport-leuchtturm-essen","tag-weiler-joerg"],"share_on_mastodon":{"url":"https:\/\/pubeurope.com\/@de\/116516141738944206","error":""},"_links":{"self":[{"href":"https:\/\/www.europesays.com\/de\/wp-json\/wp\/v2\/posts\/993653","targetHints":{"allow":["GET"]}}],"collection":[{"href":"https:\/\/www.europesays.com\/de\/wp-json\/wp\/v2\/posts"}],"about":[{"href":"https:\/\/www.europesays.com\/de\/wp-json\/wp\/v2\/types\/post"}],"author":[{"embeddable":true,"href":"https:\/\/www.europesays.com\/de\/wp-json\/wp\/v2\/users\/2"}],"replies":[{"embeddable":true,"href":"https:\/\/www.europesays.com\/de\/wp-json\/wp\/v2\/comments?post=993653"}],"version-history":[{"count":0,"href":"https:\/\/www.europesays.com\/de\/wp-json\/wp\/v2\/posts\/993653\/revisions"}],"wp:featuredmedia":[{"embeddable":true,"href":"https:\/\/www.europesays.com\/de\/wp-json\/wp\/v2\/media\/993654"}],"wp:attachment":[{"href":"https:\/\/www.europesays.com\/de\/wp-json\/wp\/v2\/media?parent=993653"}],"wp:term":[{"taxonomy":"category","embeddable":true,"href":"https:\/\/www.europesays.com\/de\/wp-json\/wp\/v2\/categories?post=993653"},{"taxonomy":"post_tag","embeddable":true,"href":"https:\/\/www.europesays.com\/de\/wp-json\/wp\/v2\/tags?post=993653"}],"curies":[{"name":"wp","href":"https:\/\/api.w.org\/{rel}","templated":true}]}}