{"id":993672,"date":"2026-05-04T11:56:25","date_gmt":"2026-05-04T11:56:25","guid":{"rendered":"https:\/\/www.europesays.com\/de\/993672\/"},"modified":"2026-05-04T11:56:25","modified_gmt":"2026-05-04T11:56:25","slug":"das-programm-des-muenchner-schachfestivals-muenchen","status":"publish","type":"post","link":"https:\/\/www.europesays.com\/de\/993672\/","title":{"rendered":"Das Programm des M\u00fcnchner Schachfestivals &#8211; M\u00fcnchen"},"content":{"rendered":"<p data-manual=\"paragraph\" data-schema-org-speakable=\"true\" class=\"css-1vw426e\">\u201eWir sind ein Unikat!\u201c \u2013 so beschreibt Hauptorganisator Richard Holzberger das M\u00fcnchner Schachfestival. Der Vorsitzende der M\u00fcnchner Schachfreunde veranstaltet das Festival seit 2023 j\u00e4hrlich mit Unterst\u00fctzung anderer Vereine und m\u00f6chte dieses Jahr noch vielseitiger und kultureller werden. Knapp ein Dutzend verschiedene Turniere werden dieses Jahr ausgetragen, darunter Normturniere, Blitzschachwettbewerbe, Jugendturniere und Freestyle-Bewerbe. Der Mit-Organisator Volker Antusch sagt: \u201eFast jedes Kuhdorf hat ein Schachturnier, aber eine Weltstadt wie <a href=\"https:\/\/www.sueddeutsche.de\/thema\/M%C3%BCnchen\" rel=\"nofollow noopener\" target=\"_blank\">M\u00fcnchen<\/a> mit ungef\u00e4hr 100 Schachclubs hatte keines.\u201c Durch das Schachfestival hat sich das ge\u00e4ndert.<\/p>\n<p data-manual=\"paragraph\" data-schema-org-speakable=\"true\" class=\"css-1eosz7k\">Das Festival 2026 steht ganz im Zeichen des 300. Geburtstags von <a href=\"https:\/\/www.sueddeutsche.de\/stil\/schach-geschichte-bedeutung-spiel-bretter-literatur-li.3370155\" rel=\"nofollow noopener\" target=\"_blank\">Francois-Andr\u00e9 Danican Philidor (1726\u20131795), dem franz\u00f6sischen Komponisten und ber\u00fchmtesten Schachmeister seiner Zeit<\/a>. Ihm wird der Spruch \u201eDie Bauern sind die Seele des Schachspiels\u201c zugeschrieben, dar\u00fcber hinaus gilt Philidor als Vordenker des modernen Schachs und Erfinder des Blind-Simultan-Schachspiels, dem Schachspiel mit verbundenen Augen gegen mehrere Spieler gleichzeitig. Zu seinen Ehren finden vom 14. Mai bis zum 7. Juni f\u00fcnf Konzerte im Schloss Nymphenburg und der Allerheiligen Hofkirche statt. \u201eDiese Konzerte sollen ein historisches Abbild der damaligen Zeit sein\u201c, so Volker Antusch, der die Konzerte am Klavier begleiten wird.<\/p>\n<p data-manual=\"paragraph\" data-schema-org-speakable=\"true\" class=\"css-1eosz7k\">Neben den von Philidor komponierten \u201ekomischen Opern\u201c und ausgefallenen Kost\u00fcmen findet in der Pause eines jeden Konzerts eine Nachbildung der Blindsimultanpartien von Philidor statt. Daf\u00fcr haben die Organisatoren den deutschen FIDE-Meister, Marc Lang, eingeladen. Der Titel \u201eFIDE-Meister\u201c wird von dem Weltschachbund FIDE (=F\u00e9d\u00e9ration Internationale des \u00c9checs) verliehen und gilt auf Lebenszeit. Lang ist bekannt f\u00fcr seine Blindschachveranstaltungen und hielt bis 2016 den Weltrekord im Blindsimultan gegen 46 Gegner gleichzeitig, den er 2011 aufstellte.<\/p>\n<p data-manual=\"paragraph\" data-schema-org-speakable=\"true\" class=\"css-1eosz7k\">Die Verbindung zwischen Musik und <a href=\"https:\/\/www.sueddeutsche.de\/thema\/Schach\" rel=\"nofollow noopener\" target=\"_blank\">Schach<\/a> ist weitestgehend unerforscht, obwohl gro\u00dfe Namen wie Philidor oder Wassili Smyslow gro\u00dfe Affinit\u00e4t zu beiden K\u00fcnsten pflegten. In Anlehnung an Smyslow sieht auch der zweifache Ged\u00e4chtnisweltmeister und Schachspieler, Simon Reinhard, den Zusammenhang. Zwar habe man beim Schach und bei der Musik zu Beginn eine Vielzahl an Kombinationsm\u00f6glichkeiten aus Noten und Z\u00fcgen, doch das Streben nach Harmonie und \u00c4sthetik reduziere diese M\u00f6glichkeiten. \u201eSowohl bei Kunst, Kultur und Schach handelt es sich um geistig-seelische Errungenschaften, in denen sich jeder auf seine Weise ausdr\u00fccken und verwirklichen kann\u201c, so Reinhard.<\/p>\n<p data-manual=\"paragraph\" data-schema-org-speakable=\"true\" class=\"css-1eosz7k\">Zu diesem Thema findet zwischen 22. und 24. Mai auch eine Konferenz im Schloss Nymphenburg statt, wo unter anderem die Philidor-Biografin Susanna Poldauf und der Historiker Frank Hoffmeister zu Gast sein werden. Des Weiteren wird bei der Konferenz die P\u00e4dagogin Adrienne Teller per Livestream aus den USA zugeschaltet sein, die die Synergien von Schach und Musik bei Kindern untersucht.<\/p>\n<p><img decoding=\"async\" src=\"https:\/\/www.europesays.com\/de\/wp-content\/uploads\/2026\/05\/da8c0485-a255-46e3-a56d-bad8f4e3058c.jpeg\"   alt=\"Gro\u00dfmeister Stefan Kindermann drang in den Neunzigerjahren bis auf Platz 70 der Schach-Weltrangliste vor. Heute leitet er die M\u00fcnchner Schachakademie \u2013 und bietet beim Festival eine Schach-Yoga-Praxis an.\u00a0\" loading=\"lazy\" class=\"css-8atqhb\"\/>Gro\u00dfmeister Stefan Kindermann drang in den Neunzigerjahren bis auf Platz 70 der Schach-Weltrangliste vor. Heute leitet er die M\u00fcnchner Schachakademie \u2013 und bietet beim Festival eine Schach-Yoga-Praxis an.\u00a0 Stephan Rumpf<\/p>\n<p data-manual=\"paragraph\" data-schema-org-speakable=\"true\" class=\"css-1eosz7k\">Studien belegen einen positiven Effekt auf das Konzentrationsverm\u00f6gen, die Ged\u00e4chtnisleistung und die kognitiven F\u00e4higkeiten, sowie auf das Selbstwertgef\u00fchl und die Motivation von Kindern und Jugendlichen. So gibt es in den Pfingstferien wieder ein Schachcamp f\u00fcr Kinder im Alter von sechs bis 14 Jahren im Gymnasium Moosach. Dabei erhalten die Kinder Schachtraining von Profis, unter anderem von Gro\u00dfmeister Milan Pacher von den M\u00fcnchner Schachfreunden.<\/p>\n<p data-manual=\"paragraph\" data-schema-org-speakable=\"true\" class=\"css-1eosz7k\">Au\u00dferdem wird es auch t\u00e4glich eine Schach-Yoga-Praxis geben, die <a href=\"https:\/\/www.sueddeutsche.de\/muenchen\/schachakademie-feiert-jubilaeum-spass-am-denken-1.2868457\" rel=\"nofollow noopener\" target=\"_blank\">Gro\u00dfmeister Stefan Kindermann und FIDE-Meisterin Dijana Dengler von der M\u00fcnchner Schachakademie<\/a> entwickelt haben. \u201eEs ist wichtig, Schach in M\u00fcnchen zu beleben und wir als Schachakademie begr\u00fc\u00dfen das Schachfestival nat\u00fcrlich\u201c, so Kindermann von der Schachakademie M\u00fcnchen. W\u00e4hrend die Schachakademie sich mehr auf Schach als Bildungsinstrument fokussiere, sei das Festival eher dem sportlichen Aspekt gewidmet. \u201eDas erg\u00e4nzt sich sehr gut\u201c, meint Kindermann.<\/p>\n<p data-manual=\"paragraph\" data-schema-org-speakable=\"true\" class=\"css-1eosz7k\">Das M\u00fcnchner Schachfestival versteht sich als M\u00f6glichkeit, viele verschiedene Interessengruppen zusammenzubringen, vom Amateur zum Profi, vom Schulkind zum Pension\u00e4r. \u201eDas ist einer der seltenen F\u00e4lle, bei denen Leistungs- und Breitensport aufeinandertreffen\u201c, so Antusch. Das Festival zeichne sich auch dadurch aus, dass es durch M\u00fcnchen wandert, so Holzberger. An verschiedenen Schaupl\u00e4tzen in ganz M\u00fcnchen und dar\u00fcber hinaus werden Turniere ausgetragen. \u201eWir sprechen verschiedene Stadtbezirke an und kommen ins Gespr\u00e4ch um so das Bewusstsein f\u00fcr Schach und Kultur zu wecken\u201c, erg\u00e4nzt Holzberger. Erwartet werden dieses Jahr rund 2000 Besucherinnen und Besucher.<\/p>\n<p data-manual=\"paragraph\" data-schema-org-speakable=\"true\" class=\"css-1eosz7k\"><strong>4. M\u00fcnchner Schachfestival, 10. Mai bis 7. Juni, diverse Orte und Veranstaltungen, Infos unter www.schachfestivalmuenchen.de<\/strong><\/p>\n","protected":false},"excerpt":{"rendered":"\u201eWir sind ein Unikat!\u201c \u2013 so beschreibt Hauptorganisator Richard Holzberger das M\u00fcnchner Schachfestival. Der Vorsitzende der M\u00fcnchner Schachfreunde&hellip;\n","protected":false},"author":2,"featured_media":993673,"comment_status":"","ping_status":"","sticky":false,"template":"","format":"standard","meta":{"footnotes":"","_share_on_mastodon":"0"},"categories":[1827],"tags":[772,29,16745,30,1268,28349,214635,265,2719,149],"class_list":["post-993672","post","type-post","status-publish","format-standard","has-post-thumbnail","category-muenchen","tag-bayern","tag-deutschland","tag-freizeit-in-muenchen","tag-germany","tag-muenchen","tag-schach","tag-schach-lernen","tag-sport","tag-sport-in-muenchen","tag-sueddeutsche-zeitung"],"share_on_mastodon":{"url":"https:\/\/pubeurope.com\/@de\/116516185036147019","error":""},"_links":{"self":[{"href":"https:\/\/www.europesays.com\/de\/wp-json\/wp\/v2\/posts\/993672","targetHints":{"allow":["GET"]}}],"collection":[{"href":"https:\/\/www.europesays.com\/de\/wp-json\/wp\/v2\/posts"}],"about":[{"href":"https:\/\/www.europesays.com\/de\/wp-json\/wp\/v2\/types\/post"}],"author":[{"embeddable":true,"href":"https:\/\/www.europesays.com\/de\/wp-json\/wp\/v2\/users\/2"}],"replies":[{"embeddable":true,"href":"https:\/\/www.europesays.com\/de\/wp-json\/wp\/v2\/comments?post=993672"}],"version-history":[{"count":0,"href":"https:\/\/www.europesays.com\/de\/wp-json\/wp\/v2\/posts\/993672\/revisions"}],"wp:featuredmedia":[{"embeddable":true,"href":"https:\/\/www.europesays.com\/de\/wp-json\/wp\/v2\/media\/993673"}],"wp:attachment":[{"href":"https:\/\/www.europesays.com\/de\/wp-json\/wp\/v2\/media?parent=993672"}],"wp:term":[{"taxonomy":"category","embeddable":true,"href":"https:\/\/www.europesays.com\/de\/wp-json\/wp\/v2\/categories?post=993672"},{"taxonomy":"post_tag","embeddable":true,"href":"https:\/\/www.europesays.com\/de\/wp-json\/wp\/v2\/tags?post=993672"}],"curies":[{"name":"wp","href":"https:\/\/api.w.org\/{rel}","templated":true}]}}