{"id":993936,"date":"2026-05-04T14:32:20","date_gmt":"2026-05-04T14:32:20","guid":{"rendered":"https:\/\/www.europesays.com\/de\/993936\/"},"modified":"2026-05-04T14:32:20","modified_gmt":"2026-05-04T14:32:20","slug":"bvb-das-ist-dortmunds-plan-mit-kovac-fussball","status":"publish","type":"post","link":"https:\/\/www.europesays.com\/de\/993936\/","title":{"rendered":"BVB: Das ist Dortmunds Plan mit Kovac | Fu\u00dfball"},"content":{"rendered":"<p><a class=\"skip-content skip-content--link\" href=\"#in-content-skip-link-target-v-0-0\">TTS-Player \u00fcberspringen\u21b5<\/a><a id=\"in-content-skip-link-target-v-0-0\" class=\"skip-content--target-link-hidden skip-content skip-content--target-link\" href=\"#in-content-skip-link-target-v-0-0\">Artikel weiterlesen<\/a><\/p>\n<p><b>Die <\/b><a href=\"https:\/\/sportbild.bild.de\/fussball\/borussia-dortmund\/bundesliga-sammer-bei-bvb-pleite-komplett-bedient-gladbach-siegt-1-0-69f788a023e6b3dbf3c97c5a\" class=\"text-link\" rel=\"nofollow noopener\" target=\"_blank\"><b>Bosse-Gesichter<\/b><\/a><b> sagten mal wieder alles: Berater Matthias Sammer (58) regte sich auf der Trib\u00fcne wild gestikulierend auf, Sport-Gesch\u00e4ftsf\u00fchrer Lars Ricken (49) und Klub-Boss Carsten Cramer (57) zeigten mit verschr\u00e4nkten Armen und grimmigen Blicken ihre Unzufriedenheit. Ausl\u00f6ser: der schlimme Rumpel-Auftritt der <\/b><a href=\"https:\/\/sportbild.bild.de\/bundesliga\/vereine\/borussia-dortmund\/home-33283690.sport.html\" class=\"text-link\" rel=\"nofollow noopener\" target=\"_blank\"><b>BVB<\/b><\/a><b>-Mannschaft beim 0:1 in M\u00f6nchengladbach. Die eigentlich so souver\u00e4ne Liga-Saison erleidet im Endspurt unn\u00f6tige optische Schrammen.<\/b><\/p>\n<p>Die Verantwortlichen sind sich einig: Die Verantwortung tragen die teils lustlos wirkenden Stars wie Harmlos-St\u00fcrmer Serhou Guirassy (BILD-Note 6). Trainer Niko Kovac (46) hat aus der schwachen Mannschaft das Maximum herausgeholt: Das Minimalziel Champions-League-Qualifikation hat er zum zweiten Mal in Folge erf\u00fcllt, die Vizemeisterschaft ist kaum noch gef\u00e4hrdet. Kovac ist in Dortmund der gr\u00f6\u00dfte Hoffnungstr\u00e4ger f\u00fcr die Zukunft. Die langfristige Zusammenarbeit wollen die Bosse nach BILD-Informationen jetzt auch auf dem Papier fixieren.<\/p>\n<p>BVB plant Vertragsgespr\u00e4che mit Kovac!<\/p>\n<p>Im Sommer wollen sich die Verantwortlichen mit dem Kroaten zusammensetzen, um \u00fcber eine vorzeitige Verl\u00e4ngerung seines Trainer-Vertrags zu verhandeln. Der aktuelle Kontrakt l\u00e4uft nach der kommenden Saison im Sommer 2027 aus.<\/p>\n<p>In der Vergangenheit war der BVB bei Kovac immer einem klaren Muster gefolgt, das auch jetzt fortgesetzt werden soll: Dortmund will es grunds\u00e4tzlich vermeiden, mit einem auslaufenden Trainer-Vertrag in eine neue Saison zu gehen \u2013 auch, um den eigenen Spielern kein Alibi zu liefern. Als Kovac im Februar 2025 von Ex-Coach (37\/Basaksehir) \u00fcbernahm, stattete der BVB ihn mit einer Laufzeit bis 2026 aus. Im August 2026 verl\u00e4ngerte Ricken den Vertrag vorzeitig bis 2027. Bei den nun geplanten Gespr\u00e4chs-Gipfeln wird es um eine erneute Ausweitung bis mindestens 2028 gehen. Das Thema soll aber noch nicht sofort, sondern in aller Ruhe im Laufe des Sommers besprochen werden.<\/p>\n<p>Mehr zum Thema<\/p>\n<p>Sportdirektor Ole Book (40) unterstrich nach dem Spiel in Gladbach das Vertrauen in Kovac: \u201eWir haben unsere \u00dcberzeugung von Nico bereits klar ge\u00e4u\u00dfert. Ich arbeite sehr gerne mit ihm zusammen. Ich wurde auch schon vor dem Spiel darauf angesprochen und habe mich sehr positiv ge\u00e4u\u00dfert. Daran hat sich durch die Niederlage nichts ge\u00e4ndert.\u201c<\/p>\n<p>Nach BILD-Info will auch Kovac sein Projekt beim BVB fortsetzen \u2013 trotz England-Interesses! Innerhalb der laufenden Saison hatten ihn Chelsea, Tottenham und Manchester United intensiv ins Visier genommen. Vor allem ManUnited soll aktiv den Austausch gesucht haben, konkret ist das Thema derzeit aber nicht mehr. <a href=\"https:\/\/sportbild.bild.de\/bundesliga\/vereine\/borussia-dortmund\/home-33283690.sport.html\" class=\"text-link\" rel=\"nofollow noopener\" target=\"_blank\">Dortmund<\/a> darf sich berechtigte Hoffnungen auf unkomplizierte Verhandlungen und eine schnelle Zusage machen &#8230;<\/p>\n","protected":false},"excerpt":{"rendered":"TTS-Player \u00fcberspringen\u21b5Artikel weiterlesen Die Bosse-Gesichter sagten mal wieder alles: Berater Matthias Sammer (58) regte sich auf der Trib\u00fcne&hellip;\n","protected":false},"author":2,"featured_media":993937,"comment_status":"","ping_status":"","sticky":false,"template":"","format":"standard","meta":{"footnotes":"","_share_on_mastodon":"0"},"categories":[1833],"tags":[888,3364,29,217,538,30,5133,9208,5131,1209,73392,803,819],"class_list":["post-993936","post","type-post","status-publish","format-standard","has-post-thumbnail","category-dortmund","tag-borussia-dortmund","tag-de","tag-deutschland","tag-dortmund","tag-erste-bundesliga","tag-germany","tag-hueber-yannick","tag-kehl-sebastian","tag-kovac-niko","tag-nordrhein-westfalen","tag-schroeer-michel","tag-spielertransfer","tag-sport-leuchtturm-essen"],"share_on_mastodon":{"url":"https:\/\/pubeurope.com\/@de\/116516798390972931","error":""},"_links":{"self":[{"href":"https:\/\/www.europesays.com\/de\/wp-json\/wp\/v2\/posts\/993936","targetHints":{"allow":["GET"]}}],"collection":[{"href":"https:\/\/www.europesays.com\/de\/wp-json\/wp\/v2\/posts"}],"about":[{"href":"https:\/\/www.europesays.com\/de\/wp-json\/wp\/v2\/types\/post"}],"author":[{"embeddable":true,"href":"https:\/\/www.europesays.com\/de\/wp-json\/wp\/v2\/users\/2"}],"replies":[{"embeddable":true,"href":"https:\/\/www.europesays.com\/de\/wp-json\/wp\/v2\/comments?post=993936"}],"version-history":[{"count":0,"href":"https:\/\/www.europesays.com\/de\/wp-json\/wp\/v2\/posts\/993936\/revisions"}],"wp:featuredmedia":[{"embeddable":true,"href":"https:\/\/www.europesays.com\/de\/wp-json\/wp\/v2\/media\/993937"}],"wp:attachment":[{"href":"https:\/\/www.europesays.com\/de\/wp-json\/wp\/v2\/media?parent=993936"}],"wp:term":[{"taxonomy":"category","embeddable":true,"href":"https:\/\/www.europesays.com\/de\/wp-json\/wp\/v2\/categories?post=993936"},{"taxonomy":"post_tag","embeddable":true,"href":"https:\/\/www.europesays.com\/de\/wp-json\/wp\/v2\/tags?post=993936"}],"curies":[{"name":"wp","href":"https:\/\/api.w.org\/{rel}","templated":true}]}}