{"id":994158,"date":"2026-05-04T16:40:26","date_gmt":"2026-05-04T16:40:26","guid":{"rendered":"https:\/\/www.europesays.com\/de\/994158\/"},"modified":"2026-05-04T16:40:26","modified_gmt":"2026-05-04T16:40:26","slug":"gladbachs-sieg-gegen-den-bvb-darf-probleme-nicht-verschleiern","status":"publish","type":"post","link":"https:\/\/www.europesays.com\/de\/994158\/","title":{"rendered":"Gladbachs Sieg gegen den BVB darf Probleme nicht verschleiern"},"content":{"rendered":"<p class=\"text_ohne_einzug richtext text-em-55 !leading-serif mx-6 desktop:mx-0\">Rouven Schr\u00f6der, der Sportchef von Borussia <a href=\"https:\/\/rp-online.de\/thema\/moenchengladbach\/\" rel=\"nofollow noopener\" target=\"_blank\">M\u00f6nchengladbach<\/a>, bat darum, den Moment der Erleichterung genie\u00dfen zu d\u00fcrfen. Nach dem 1:0 gegen <a href=\"https:\/\/rp-online.de\/thema\/borussia-dortmund\/\" rel=\"nofollow noopener\" target=\"_blank\">Borussia Dortmund<\/a> steht fest, dass Schr\u00f6der auch in der neuen Saison f\u00fcr einen Bundesliga-Klub arbeitet. Borussia hat es aus eigener Kraft und mit einem starken Sieg geschafft, einen Strich unter das Thema Abstiegskampf zu machen. Das ist besser, als ausschlie\u00dflich als Profiteur der Schw\u00e4chen anderer drinzubleiben.<\/p>\n","protected":false},"excerpt":{"rendered":"Rouven Schr\u00f6der, der Sportchef von Borussia M\u00f6nchengladbach, bat darum, den Moment der Erleichterung genie\u00dfen zu d\u00fcrfen. Nach dem&hellip;\n","protected":false},"author":2,"featured_media":994159,"comment_status":"","ping_status":"","sticky":false,"template":"","format":"standard","meta":{"footnotes":"","_share_on_mastodon":"0"},"categories":[1849],"tags":[3364,29,548,663,3934,30,14337,13,28705,4455,14,15,1209,12],"class_list":["post-994158","post","type-post","status-publish","format-standard","has-post-thumbnail","category-moenchengladbach","tag-de","tag-deutschland","tag-eu","tag-europa","tag-europe","tag-germany","tag-gladbach","tag-headlines","tag-klassenverbleib","tag-moenchengladbach","tag-nachrichten","tag-news","tag-nordrhein-westfalen","tag-schlagzeilen"],"share_on_mastodon":{"url":"https:\/\/pubeurope.com\/@de\/116517301538171729","error":""},"_links":{"self":[{"href":"https:\/\/www.europesays.com\/de\/wp-json\/wp\/v2\/posts\/994158","targetHints":{"allow":["GET"]}}],"collection":[{"href":"https:\/\/www.europesays.com\/de\/wp-json\/wp\/v2\/posts"}],"about":[{"href":"https:\/\/www.europesays.com\/de\/wp-json\/wp\/v2\/types\/post"}],"author":[{"embeddable":true,"href":"https:\/\/www.europesays.com\/de\/wp-json\/wp\/v2\/users\/2"}],"replies":[{"embeddable":true,"href":"https:\/\/www.europesays.com\/de\/wp-json\/wp\/v2\/comments?post=994158"}],"version-history":[{"count":0,"href":"https:\/\/www.europesays.com\/de\/wp-json\/wp\/v2\/posts\/994158\/revisions"}],"wp:featuredmedia":[{"embeddable":true,"href":"https:\/\/www.europesays.com\/de\/wp-json\/wp\/v2\/media\/994159"}],"wp:attachment":[{"href":"https:\/\/www.europesays.com\/de\/wp-json\/wp\/v2\/media?parent=994158"}],"wp:term":[{"taxonomy":"category","embeddable":true,"href":"https:\/\/www.europesays.com\/de\/wp-json\/wp\/v2\/categories?post=994158"},{"taxonomy":"post_tag","embeddable":true,"href":"https:\/\/www.europesays.com\/de\/wp-json\/wp\/v2\/tags?post=994158"}],"curies":[{"name":"wp","href":"https:\/\/api.w.org\/{rel}","templated":true}]}}