{"id":994481,"date":"2026-05-04T19:39:19","date_gmt":"2026-05-04T19:39:19","guid":{"rendered":"https:\/\/www.europesays.com\/de\/994481\/"},"modified":"2026-05-04T19:39:19","modified_gmt":"2026-05-04T19:39:19","slug":"rochusclub-war-fuer-damen-des-sv-bayer-wuppertal-eine-nummer-zu-gross","status":"publish","type":"post","link":"https:\/\/www.europesays.com\/de\/994481\/","title":{"rendered":"Rochusclub war f\u00fcr Damen des SV Bayer Wuppertal eine Nummer zu gro\u00df"},"content":{"rendered":"<p class=\"text_ohne_einzug richtext text-em-55 !leading-serif mx-6 desktop:mx-0\">Es ging hoch her zum Saisonauftakt f\u00fcr die am h\u00f6chsten spielenden Wuppertaler Tennisteams. W\u00e4hrend in der offenen Klasse die ersten Damen und Herren des SV Bayer in der Niederrheinliga erwartbare Niederlagen kassierten, leiteten die zweiten Damen vom Aprather Weg ihr Unternehmen Aufstieg aus der 2. Verbandsliga mit einem Kantersieg ein. In den Seniorenklassen war die Bilanz bei den Herren von Blau-Weiss Elberfeld ebenso gemischt.<\/p>\n","protected":false},"excerpt":{"rendered":"Es ging hoch her zum Saisonauftakt f\u00fcr die am h\u00f6chsten spielenden Wuppertaler Tennisteams. W\u00e4hrend in der offenen Klasse&hellip;\n","protected":false},"author":2,"featured_media":994482,"comment_status":"","ping_status":"","sticky":false,"template":"","format":"standard","meta":{"footnotes":"","_share_on_mastodon":"0"},"categories":[1840],"tags":[214826,88801,6605,25949,3364,29,47244,214828,30,30422,15872,214825,1209,9872,25022,86797,214827,679,4418,6226],"class_list":["post-994481","post","type-post","status-publish","format-standard","has-post-thumbnail","category-wuppertal","tag-aprather","tag-asse","tag-bayer","tag-damen","tag-de","tag-deutschland","tag-doppel","tag-doppelpunkte","tag-germany","tag-klasse","tag-klassenerhalt","tag-matchtiebreak","tag-nordrhein-westfalen","tag-nummer","tag-oberkassel","tag-rochusclub","tag-seniorenklassen","tag-top","tag-wuppertal","tag-wuppertaler"],"share_on_mastodon":{"url":"https:\/\/pubeurope.com\/@de\/116518005595185718","error":""},"_links":{"self":[{"href":"https:\/\/www.europesays.com\/de\/wp-json\/wp\/v2\/posts\/994481","targetHints":{"allow":["GET"]}}],"collection":[{"href":"https:\/\/www.europesays.com\/de\/wp-json\/wp\/v2\/posts"}],"about":[{"href":"https:\/\/www.europesays.com\/de\/wp-json\/wp\/v2\/types\/post"}],"author":[{"embeddable":true,"href":"https:\/\/www.europesays.com\/de\/wp-json\/wp\/v2\/users\/2"}],"replies":[{"embeddable":true,"href":"https:\/\/www.europesays.com\/de\/wp-json\/wp\/v2\/comments?post=994481"}],"version-history":[{"count":0,"href":"https:\/\/www.europesays.com\/de\/wp-json\/wp\/v2\/posts\/994481\/revisions"}],"wp:featuredmedia":[{"embeddable":true,"href":"https:\/\/www.europesays.com\/de\/wp-json\/wp\/v2\/media\/994482"}],"wp:attachment":[{"href":"https:\/\/www.europesays.com\/de\/wp-json\/wp\/v2\/media?parent=994481"}],"wp:term":[{"taxonomy":"category","embeddable":true,"href":"https:\/\/www.europesays.com\/de\/wp-json\/wp\/v2\/categories?post=994481"},{"taxonomy":"post_tag","embeddable":true,"href":"https:\/\/www.europesays.com\/de\/wp-json\/wp\/v2\/tags?post=994481"}],"curies":[{"name":"wp","href":"https:\/\/api.w.org\/{rel}","templated":true}]}}