{"id":994778,"date":"2026-05-04T22:40:17","date_gmt":"2026-05-04T22:40:17","guid":{"rendered":"https:\/\/www.europesays.com\/de\/994778\/"},"modified":"2026-05-04T22:40:17","modified_gmt":"2026-05-04T22:40:17","slug":"nach-nord-stream-aus-deutschland-verschenkt-funktionsfaehiges-gaskraftwerk-an-die-ukraine","status":"publish","type":"post","link":"https:\/\/www.europesays.com\/de\/994778\/","title":{"rendered":"Nach Nord-Stream-Aus: Deutschland verschenkt funktionsf\u00e4higes Gaskraftwerk an die Ukraine"},"content":{"rendered":"<p>Ein stillgelegtes Gaskraftwerk in Mecklenburg-Vorpommern soll abgebaut und in die Ukraine abtransportiert werden. Die Sefe Securing Energy for Europe GmbH erkl\u00e4rte, das Gaskraftwerk Lubmin werde \u00abim Rahmen der humanit\u00e4ren Hilfe einem ukrainischen Kraftwerksbetreiber als Selbstabholer zur Verf\u00fcgung gestellt\u00bb.<\/p>\n<p>Die Anlage steht am fr\u00fcheren Einspeisepunkt der Ostseepipeline Nord Stream und hatte eine zentrale Funktion: Sie erzeugte Prozessw\u00e4rme, um russisches Erdgas vor der Weiterleitung ins deutsche Netz aufzubereiten. Mit dem Stopp der Lieferungen im Jahr 2022 entfiel dieser Zweck. Laut Unternehmen wurde der Betrieb 2023 eingestellt, da sich weder eine alternative Nutzung noch ein K\u00e4ufer fand.<\/p>\n<p>                <img src=\"https:\/\/www.europesays.com\/de\/wp-content\/uploads\/2026\/05\/533974449_highres-scaled-5-1024x638.jpg\" alt=\"Stefan Sauer\/DPA\/Keystone\" itemprop=\"contentUrl\" class=\"story-img story-img--landscape\" loading=\"lazy\" decoding=\"async\"\/><\/p>\n<p>                                                    Rohrsysteme in der Gasempfangsstation Nord Stream 1 in Lubmin (Symbolbild)<br \/>\n                                                                            <\/p>\n<p>                                        Stefan Sauer\/DPA\/Keystone<\/p>\n<p>Das Gaskraftwerk Lubmin ist technisch weiterhin funktionsf\u00e4hig und Teil einer Kraft-W\u00e4rme-Kopplungsanlage, die neben W\u00e4rme auch Strom erzeugt. Statt die Anlage zu verschrotten, soll sie nun demontiert, \u00fcber den Industriehafen Lubmin ausser Landes gebracht und in der Ukraine wieder aufgebaut werden. F\u00fcr das Unternehmen ist dies g\u00fcnstiger als ein vollst\u00e4ndiger R\u00fcckbau. Gleichzeitig soll die Anlage helfen, die ukrainische Energieinfrastruktur zu stabilisieren.<\/p>\n<p>\n                 _e(&#8218;Werbung&#8216;, &#8218;weltwoche&#8216;); ?&gt;\n            <\/p>\n<p>Kritik kommt von der AfD vor Ort. Der Landtags- und Kreistagsabgeordnete Nikolaus Kramer bezeichnete den Vorgang als \u00ababsurd\u00bb. Seine Fraktion setze sich gleichzeitig daf\u00fcr ein, in Lubmin ein neues Gaskraftwerk zu bauen. Vor diesem Hintergrund sei es widerspr\u00fcchlich, dass \u00abgenau dort eine voll funktionsf\u00e4hige KWK-Anlage abgebaut und an die Ukraine verschenkt werden\u00bb solle. Kramer sagte: \u00abDiese Anlage sollte der Energiesicherheit unseres Landes dienen. Ein Schlag ins Gesicht f\u00fcr unsere B\u00fcrger.\u00bb<\/p>\n","protected":false},"excerpt":{"rendered":"Ein stillgelegtes Gaskraftwerk in Mecklenburg-Vorpommern soll abgebaut und in die Ukraine abtransportiert werden. Die Sefe Securing Energy for&hellip;\n","protected":false},"author":2,"featured_media":994779,"comment_status":"","ping_status":"","sticky":false,"template":"","format":"standard","meta":{"footnotes":"","_share_on_mastodon":"0"},"categories":[4012],"tags":[331,332,1149,13,984,1229,14,15,49882,16,12,317,383,55],"class_list":["post-994778","post","type-post","status-publish","format-standard","has-post-thumbnail","category-ukraine","tag-aktuelle-nachrichten","tag-aktuelle-news","tag-energie","tag-headlines","tag-international","tag-kritik","tag-nachrichten","tag-news","tag-nord-stream","tag-politik","tag-schlagzeilen","tag-ukraine","tag-umwelt","tag-wirtschaft"],"share_on_mastodon":{"url":"https:\/\/pubeurope.com\/@de\/116518717204704699","error":""},"_links":{"self":[{"href":"https:\/\/www.europesays.com\/de\/wp-json\/wp\/v2\/posts\/994778","targetHints":{"allow":["GET"]}}],"collection":[{"href":"https:\/\/www.europesays.com\/de\/wp-json\/wp\/v2\/posts"}],"about":[{"href":"https:\/\/www.europesays.com\/de\/wp-json\/wp\/v2\/types\/post"}],"author":[{"embeddable":true,"href":"https:\/\/www.europesays.com\/de\/wp-json\/wp\/v2\/users\/2"}],"replies":[{"embeddable":true,"href":"https:\/\/www.europesays.com\/de\/wp-json\/wp\/v2\/comments?post=994778"}],"version-history":[{"count":0,"href":"https:\/\/www.europesays.com\/de\/wp-json\/wp\/v2\/posts\/994778\/revisions"}],"wp:featuredmedia":[{"embeddable":true,"href":"https:\/\/www.europesays.com\/de\/wp-json\/wp\/v2\/media\/994779"}],"wp:attachment":[{"href":"https:\/\/www.europesays.com\/de\/wp-json\/wp\/v2\/media?parent=994778"}],"wp:term":[{"taxonomy":"category","embeddable":true,"href":"https:\/\/www.europesays.com\/de\/wp-json\/wp\/v2\/categories?post=994778"},{"taxonomy":"post_tag","embeddable":true,"href":"https:\/\/www.europesays.com\/de\/wp-json\/wp\/v2\/tags?post=994778"}],"curies":[{"name":"wp","href":"https:\/\/api.w.org\/{rel}","templated":true}]}}