{"id":994807,"date":"2026-05-04T22:56:53","date_gmt":"2026-05-04T22:56:53","guid":{"rendered":"https:\/\/www.europesays.com\/de\/994807\/"},"modified":"2026-05-04T22:56:53","modified_gmt":"2026-05-04T22:56:53","slug":"mitsingfestival-gestartet-veranstaltungen-in-ganz-niedersachsen","status":"publish","type":"post","link":"https:\/\/www.europesays.com\/de\/994807\/","title":{"rendered":"&#8222;Mitsingfestival&#8220; gestartet: Veranstaltungen in ganz Niedersachsen"},"content":{"rendered":"<p>\n                Stand: 04.05.2026 15:06 Uhr<\/p>\n<p>                    <a href=\"https:\/\/www.europesays.com\/de\/wp-content\/uploads\/2026\/05\/singen-134.webp\" class=\"zoomimage\" title=\"Bild vergr\u00f6\u00dfern\"><\/p>\n<p>        <img decoding=\"async\" src=\"https:\/\/www.europesays.com\/de\/wp-content\/uploads\/2026\/05\/singen-134.webp\" alt=\"Drei Frauen haben ihre M\u00fcnder zum Singen ge\u00f6ffnet.\" title=\"Das Festival findet unter dem Motto &quot;Wer singt, bl\u00fcht auf!&quot; statt. | Wiebke Ostermeier\" class=\"responsive\" loading=\"lazy\"\/><\/p>\n<p>                    <\/a><\/p>\n<p>                    Das Festival findet unter dem Motto &#8222;Wer singt, bl\u00fcht auf!&#8220; statt.<\/p>\n<p class=\"\">Am Samstag ist das erste &#8222;Mitsingfestival&#8220; der Landeskirche Hannovers gestartet. Wie die Verantwortlichen mitteilten, sind unter dem Motto &#8222;Wer singt, bl\u00fcht auf&#8220; bis Pfingstmontag Aktionen an 250 Orten in Niedersachsen geplant. Zu den rund 370 Veranstaltungen z\u00e4hlen unter anderem Workshops, Schnupper-Chorproben, besondere Gottesdienste sowie musikalische Radtouren und Spazierg\u00e4nge. Einen \u00dcberblick \u00fcber das gesamte Festivalprogramm gibt es im <a href=\"https:\/\/www.ndr.de\/nachrichten\/niedersachsen\/hannover_weser-leinegebiet\/textlink-316630~splash.html\" title=\"Hier geht es zum Programm des &quot;Mitsingfestivals&quot;\" data-url=\"https:\/\/wersingtbluehtauf.de\/programm\/\" class=\"extlink-preface\" data-type=\"external\" rel=\"nofollow noopener\" target=\"_blank\">Internet<\/a>. Hier k\u00f6nnen Interessierte auch nach Regionen filtern. Das Festival ist laut der Verantwortlichen eine Einladung zum gemeinsamen Singen &#8211; unabh\u00e4ngig von musikalischer Erfahrung. Au\u00dferdem solle die Kirche als &#8222;Ort der Begegnung, Musik und Gemeinschaft&#8220; erlebbar werden, hie\u00df es.<\/p>\n<p>        <img decoding=\"async\" src=\"https:\/\/www.europesays.com\/de\/wp-content\/uploads\/2026\/05\/kirchentag1148.webp\" alt=\"Kirchentagsg\u00e4ste beim Singmarathon in der Christuskirche\" title=\"Kirchentagsg\u00e4ste beim Singmarathon in der Christuskirche | picture alliance \/ epd-bild | Thomas Lohnes, Thomas Lohnes\" class=\"responsive\" loading=\"lazy\"\/><\/p>\n<p>Der Singmarathon rund um die Uhr machte die Christuskirche in Hannover vor allem nachts zum zentralen Anlaufpunkt des Evangelischen Kirchentages.<\/p>\n<p>        <img decoding=\"async\" src=\"https:\/\/www.europesays.com\/de\/wp-content\/uploads\/2026\/05\/musicachormusik100.webp\" alt=\"Leerer Notenst\u00e4nder in Konzert\" title=\"Leerer Notenst\u00e4nder in Konzert | Photocase, Airene\" class=\"responsive\" loading=\"lazy\"\/><\/p>\n<p>Bei dem gro\u00dfen Chormusical kann jeder mitmachen. Im Dezember findet dann die Auff\u00fchrung statt.<\/p>\n<p>        Schlagw\u00f6rter zu diesem Artikel<\/p>\n<p>            <a href=\"https:\/\/www.ndr.de\/nachrichten\/niedersachsen\/hannover_weser-leinegebiet\/Hannover-Aktuelle-News-und-Nachrichten,hannover18518.html\" rel=\"nofollow noopener\" target=\"_blank\">Hannover<\/a><\/p>\n","protected":false},"excerpt":{"rendered":"Stand: 04.05.2026 15:06 Uhr Das Festival findet unter dem Motto &#8222;Wer singt, bl\u00fcht auf!&#8220; statt. Am Samstag ist&hellip;\n","protected":false},"author":2,"featured_media":994808,"comment_status":"","ping_status":"","sticky":false,"template":"","format":"standard","meta":{"footnotes":"","_share_on_mastodon":"0"},"categories":[1836],"tags":[590,3364,29,5561,30,46,7011,143683,214871,14,15,1411,7789,34585,3866,11409],"class_list":["post-994807","post","type-post","status-publish","format-standard","has-post-thumbnail","category-hannover","tag-aktuell","tag-de","tag-deutschland","tag-festival","tag-germany","tag-hannover","tag-kirchen","tag-landeskirche-hannovers","tag-mitsingfestival","tag-nachrichten","tag-news","tag-niedersachsen","tag-programm","tag-singen","tag-veranstaltungen","tag-workshops"],"share_on_mastodon":{"url":"https:\/\/pubeurope.com\/@de\/116518785338594692","error":""},"_links":{"self":[{"href":"https:\/\/www.europesays.com\/de\/wp-json\/wp\/v2\/posts\/994807","targetHints":{"allow":["GET"]}}],"collection":[{"href":"https:\/\/www.europesays.com\/de\/wp-json\/wp\/v2\/posts"}],"about":[{"href":"https:\/\/www.europesays.com\/de\/wp-json\/wp\/v2\/types\/post"}],"author":[{"embeddable":true,"href":"https:\/\/www.europesays.com\/de\/wp-json\/wp\/v2\/users\/2"}],"replies":[{"embeddable":true,"href":"https:\/\/www.europesays.com\/de\/wp-json\/wp\/v2\/comments?post=994807"}],"version-history":[{"count":0,"href":"https:\/\/www.europesays.com\/de\/wp-json\/wp\/v2\/posts\/994807\/revisions"}],"wp:featuredmedia":[{"embeddable":true,"href":"https:\/\/www.europesays.com\/de\/wp-json\/wp\/v2\/media\/994808"}],"wp:attachment":[{"href":"https:\/\/www.europesays.com\/de\/wp-json\/wp\/v2\/media?parent=994807"}],"wp:term":[{"taxonomy":"category","embeddable":true,"href":"https:\/\/www.europesays.com\/de\/wp-json\/wp\/v2\/categories?post=994807"},{"taxonomy":"post_tag","embeddable":true,"href":"https:\/\/www.europesays.com\/de\/wp-json\/wp\/v2\/tags?post=994807"}],"curies":[{"name":"wp","href":"https:\/\/api.w.org\/{rel}","templated":true}]}}