{"id":994873,"date":"2026-05-04T23:34:35","date_gmt":"2026-05-04T23:34:35","guid":{"rendered":"https:\/\/www.europesays.com\/de\/994873\/"},"modified":"2026-05-04T23:34:35","modified_gmt":"2026-05-04T23:34:35","slug":"whatsapp-streicht-avatare-als-profilbilder","status":"publish","type":"post","link":"https:\/\/www.europesays.com\/de\/994873\/","title":{"rendered":"WhatsApp streicht Avatare als Profilbilder"},"content":{"rendered":"<p>Aus f\u00fcrs virtuelle Ich im WhatsApp-Profil: Avatare lassen sich in dem Messenger bald nicht mehr bearbeiten und werden nach und nach bei allen Nutzenden entfernt, die sie als Profilfoto verwenden. Das Erstellen neuer Avatare ist auch nicht mehr m\u00f6glich, wie Meta auf den WhatsApp-Hilfeseiten erkl\u00e4rt. <\/p>\n<p>Avatare f\u00fcr den Messenger waren Ende 2022 eingef\u00fchrt worden: Die pers\u00f6nlichen, grafischen Stellvertreter lie\u00dfen sich auf Basis verschiedener Grundtypen erstellen und mit vielen Merkmalen von der Frisur bis hin zu Outfits individualisieren. <\/p>\n<p>          &#13;<br \/>\n              Wo die Avatare bleiben d\u00fcrfen &#8211; sogar in 36-facher Ausf\u00fchrung <\/p>\n<p>Damit konnte man sich dann auch ein Set von 36 personalisierten Stickern generieren lassen, die den eigenen Avatar mit verschiedenen Emotionen oder bei diversen Aktionen zeigen. Diese bestehenden Avatar-Sticker sollen laut Meta auch weiterhin verwendet werden k\u00f6nnen. <\/p>\n<p>Einen Grund, warum die Avatare gehen m\u00fcssen, nennt Meta nicht. Das Portal \u201eWABetaInfo.com\u201c, das zuerst \u00fcber das Avatar-Aus berichtet hatte, vermutet aber, dass mangelndes Interesse der Nutzenden f\u00fcr das Ende der virtuellen Stellvertreter verantwortlich ist. <\/p>\n","protected":false},"excerpt":{"rendered":"Aus f\u00fcrs virtuelle Ich im WhatsApp-Profil: Avatare lassen sich in dem Messenger bald nicht mehr bearbeiten und werden&hellip;\n","protected":false},"author":2,"featured_media":994874,"comment_status":"","ping_status":"","sticky":false,"template":"","format":"standard","meta":{"footnotes":"","_share_on_mastodon":"0"},"categories":[135],"tags":[5356,4561,214898,29,30,198,1274,14419,190,189,4332,4585,59547,194,191,3795,8662,8665,672,193,192],"class_list":["post-994873","post","type-post","status-publish","format-standard","has-post-thumbnail","category-wissenschaft-technik","tag-android","tag-apps","tag-avatare","tag-deutschland","tag-germany","tag-internet","tag-ios","tag-messenger","tag-science","tag-science-technology","tag-smartphones","tag-software","tag-sticker","tag-technik","tag-technology","tag-telekommunikation","tag-tmn1130","tag-tpds","tag-whatsapp","tag-wissenschaft","tag-wissenschaft-technik"],"share_on_mastodon":{"url":"https:\/\/pubeurope.com\/@de\/116518929570001617","error":""},"_links":{"self":[{"href":"https:\/\/www.europesays.com\/de\/wp-json\/wp\/v2\/posts\/994873","targetHints":{"allow":["GET"]}}],"collection":[{"href":"https:\/\/www.europesays.com\/de\/wp-json\/wp\/v2\/posts"}],"about":[{"href":"https:\/\/www.europesays.com\/de\/wp-json\/wp\/v2\/types\/post"}],"author":[{"embeddable":true,"href":"https:\/\/www.europesays.com\/de\/wp-json\/wp\/v2\/users\/2"}],"replies":[{"embeddable":true,"href":"https:\/\/www.europesays.com\/de\/wp-json\/wp\/v2\/comments?post=994873"}],"version-history":[{"count":0,"href":"https:\/\/www.europesays.com\/de\/wp-json\/wp\/v2\/posts\/994873\/revisions"}],"wp:featuredmedia":[{"embeddable":true,"href":"https:\/\/www.europesays.com\/de\/wp-json\/wp\/v2\/media\/994874"}],"wp:attachment":[{"href":"https:\/\/www.europesays.com\/de\/wp-json\/wp\/v2\/media?parent=994873"}],"wp:term":[{"taxonomy":"category","embeddable":true,"href":"https:\/\/www.europesays.com\/de\/wp-json\/wp\/v2\/categories?post=994873"},{"taxonomy":"post_tag","embeddable":true,"href":"https:\/\/www.europesays.com\/de\/wp-json\/wp\/v2\/tags?post=994873"}],"curies":[{"name":"wp","href":"https:\/\/api.w.org\/{rel}","templated":true}]}}