{"id":995141,"date":"2026-05-05T02:09:15","date_gmt":"2026-05-05T02:09:15","guid":{"rendered":"https:\/\/www.europesays.com\/de\/995141\/"},"modified":"2026-05-05T02:09:15","modified_gmt":"2026-05-05T02:09:15","slug":"gelato-week-in-berlin-50-eisdielen-bieten-ungewoehnliche-kreationen-tageskarte","status":"publish","type":"post","link":"https:\/\/www.europesays.com\/de\/995141\/","title":{"rendered":"Gelato Week in Berlin: 50 Eisdielen bieten ungew\u00f6hnliche Kreationen: Tageskarte"},"content":{"rendered":"<p>Von schwarzem Sesam \u00fcber Erdbeer-Matcha-Latte bis zu K\u00e4sekuchen mit Pistazie und Ingwer mit Zitronenschale &#8211; die <a href=\"https:\/\/berlinitaliancommunication.prezly.com\/gelato-week-berlin-2026-uber-50-eisdielen-feiern-manufaktur-gelato-in-der-hauptstadt?utm_source=prezly.com&amp;utm_medium=campaign&amp;utm_campaign=Reminder%3A+Gelato+Week+Pressetouren+%E2%80%93+es+sind+noch+ein+paar+Pl%C3%A4tze+verf%C3%BCgbar%21&amp;utm_id=b907d560-e09e-4ecb-8923-a2508f232e56&amp;utm_content=story+title\" target=\"_blank\" rel=\"nofollow noopener\">Berliner Gelato Week<\/a> lockt Eisfreunde erneut mit ungew\u00f6hnlichen Kreationen. Etwa 50 Eisdielen in ganz Berlin nehmen vom 7. bis 17. Mai teil.\u00a0<\/p>\n<p>Berlin soll so zur B\u00fchne f\u00fcr au\u00dfergew\u00f6hnliche Geschmackserlebnisse mit handwerklich hergestelltem Speiseeis werden. Jede Eisdiele bietet eine extra f\u00fcr das Event kreierte Sorte zum einheitlichen Preis von 1,80 Euro pro Kugel an. Im Fokus stehen Anbieter, die mit guten Zutaten arbeiten, traditionelle Techniken beherrschen und gleichzeitig innovative Geschmacksrichtungen entwickeln.\u00a0<\/p>\n<p>Besucher k\u00f6nnen w\u00e4hrend des Aktionszeitraums jede teilnehmende Eisdiele besuchen und dort die exklusive Event-Sorte probieren. Zur Orientierung gibt es erneut eine Karte aller Eisdielen in gedruckter Fassung und digital \u00fcber Google Maps. Wer beim Stempelwettbewerb f\u00fcnf Stempel bei f\u00fcnf Besuchen sammelt, nimmt an einer Verlosung von Gutscheinen teil.\u00a0<\/p>\n<p>Besonders gelobt wurde die Eisdiele Artigiani in Lichterfelde, die k\u00fcrzlich mit der Kreation Mediterraneo beim Finale der Gelato Festival World Masters in Las Vegas auf dem 11. Platz lag. Diese besondere Eissorte besteht aus Milcheis mit einer Rosmarin-Infusion kombiniert mit Zitrone und einem leicht scharfen Oliven\u00f6l. (dpa)<\/p>\n<p>\u00a0<\/p>\n","protected":false},"excerpt":{"rendered":"Von schwarzem Sesam \u00fcber Erdbeer-Matcha-Latte bis zu K\u00e4sekuchen mit Pistazie und Ingwer mit Zitronenschale &#8211; die Berliner Gelato&hellip;\n","protected":false},"author":2,"featured_media":995142,"comment_status":"","ping_status":"","sticky":false,"template":"","format":"standard","meta":{"footnotes":"","_share_on_mastodon":"0"},"categories":[1825],"tags":[10286,242,296,827,29,27475,214928,30,7115],"class_list":["post-995141","post","type-post","status-publish","format-standard","has-post-thumbnail","category-berlin","tag-mai","tag-242","tag-berlin","tag-datum","tag-deutschland","tag-eisdiele","tag-gelato-week","tag-germany","tag-teilnehmer"],"share_on_mastodon":{"url":"https:\/\/pubeurope.com\/@de\/116519539141583609","error":""},"_links":{"self":[{"href":"https:\/\/www.europesays.com\/de\/wp-json\/wp\/v2\/posts\/995141","targetHints":{"allow":["GET"]}}],"collection":[{"href":"https:\/\/www.europesays.com\/de\/wp-json\/wp\/v2\/posts"}],"about":[{"href":"https:\/\/www.europesays.com\/de\/wp-json\/wp\/v2\/types\/post"}],"author":[{"embeddable":true,"href":"https:\/\/www.europesays.com\/de\/wp-json\/wp\/v2\/users\/2"}],"replies":[{"embeddable":true,"href":"https:\/\/www.europesays.com\/de\/wp-json\/wp\/v2\/comments?post=995141"}],"version-history":[{"count":0,"href":"https:\/\/www.europesays.com\/de\/wp-json\/wp\/v2\/posts\/995141\/revisions"}],"wp:featuredmedia":[{"embeddable":true,"href":"https:\/\/www.europesays.com\/de\/wp-json\/wp\/v2\/media\/995142"}],"wp:attachment":[{"href":"https:\/\/www.europesays.com\/de\/wp-json\/wp\/v2\/media?parent=995141"}],"wp:term":[{"taxonomy":"category","embeddable":true,"href":"https:\/\/www.europesays.com\/de\/wp-json\/wp\/v2\/categories?post=995141"},{"taxonomy":"post_tag","embeddable":true,"href":"https:\/\/www.europesays.com\/de\/wp-json\/wp\/v2\/tags?post=995141"}],"curies":[{"name":"wp","href":"https:\/\/api.w.org\/{rel}","templated":true}]}}