{"id":995321,"date":"2026-05-05T03:53:18","date_gmt":"2026-05-05T03:53:18","guid":{"rendered":"https:\/\/www.europesays.com\/de\/995321\/"},"modified":"2026-05-05T03:53:18","modified_gmt":"2026-05-05T03:53:18","slug":"jetzt-eine-neue-heizung-oder-ein-neues-dach-so-ausgebucht-sind-betriebe-im-augsburger-land","status":"publish","type":"post","link":"https:\/\/www.europesays.com\/de\/995321\/","title":{"rendered":"Jetzt eine neue Heizung oder ein neues Dach? So ausgebucht sind Betriebe im Augsburger Land"},"content":{"rendered":"<p class=\"mb-6 text-xs md:text-m lg:text-l font-serif group-[.font-sans]:font-sans \">\n    Gr\u00f6\u00dfer k\u00f6nnten die Gegens\u00e4tze nicht sein: W\u00e4hrend die Auftragsb\u00fccher mancher Betriebe schon f\u00fcr das ganze Jahr voll sind, bemerken andere, dass bei der Kundschaft im Augsburger Land das Geld nicht mehr so locker sitzt. Das bedeutet: Die Zahl der Anfragen sinkt. Etwa bei Gartenbauer Peter Qua\u00df aus <a href=\"https:\/\/www.augsburger-allgemeine.de\/schwabmuenchen\/ort\/schwabmuenchen\" target=\"_self\" class=\"underline \" rel=\"nofollow noopener\">Schwabm\u00fcnchen<\/a>. Vier Monate lang war das Team mit Baum- und Strauchschnitt besch\u00e4ftigt. \u201eDoch teils konnten uns unsere Kunden gar nicht mehr bezahlen\u201c, berichtet Qua\u00df. Das seien etwa Menschen, denen die <a href=\"https:\/\/www.mainpost.de\/geld-leben\/rente\" target=\"_self\" class=\"underline \" rel=\"nofollow noopener\">Rente<\/a> gerade f\u00fcr ihre Miete reicht. Auch <a href=\"https:\/\/www.augsburger-allgemeine.de\/neuburg\/arbeitslosigkeit-ueberschreitet-erstmals-seit-2007-die-11-000er-marke-in-der-region-113345938\" target=\"_self\" class=\"underline \" rel=\"nofollow noopener\">im Garten- und Landschaftsbau<\/a> sitze das Geld bei der Kundschaft nicht mehr so locker. Gerade neue Hausbesitzer m\u00fcssten jeden Euro umdrehen. \u201eDeswegen versuchen viele lieber selbst, ihren Garten zu gestalten oder suchen sich einen billigen Anbieter\u201c, meint Qua\u00df. Er selbst habe gut zu tun. Aber die Arbeit sei insgesamt d\u00fcnn gestreut.\n  <\/p>\n<p>            So sieht das Handwerk im Augsburger Land das erste Quartal<\/p>\n<p class=\"mb-6 text-xs md:text-m lg:text-l font-serif group-[.font-sans]:font-sans \">\n    Laut der Handwerkskammer ist das erste Quartal dieses Jahres f\u00fcr das <a href=\"https:\/\/www.augsburger-allgemeine.de\/mindelheim\/umfrage-bei-firmen-stimmung-im-handwerk-im-bereich-memmingen-und-unterallgaeu-gedrueckt-114085992\" target=\"_self\" class=\"underline \" rel=\"nofollow noopener\">Handwerk im Augsburger Land<\/a> nur m\u00e4\u00dfig gut gelaufen. Die Zufriedenheit mit der Gesch\u00e4ftslage sei zur\u00fcckgegangen. In der aktuellen Konjunkturumfrage geben noch 74 Prozent der befragten Handwerksunternehmen ihre Lage als gut oder befriedigend an. Das sind neun Prozentpunkte weniger als im Quartal zuvor.  Etwa ein Viertel der Betriebe bezeichnet die wirtschaftliche Lage als schlecht. Das Problem seien fehlende neue Auftr\u00e4ge und die  ausbleibende Nachfrage. Quer \u00fcber alle Branchen beklagen 37 Prozent ein Minus bei den Auftragseing\u00e4ngen. \u00dcber ein Auftragsplus  berichten 13 Prozent. Nur 18 Prozent der Unternehmen blicken mit Optimismus auf das kommende Quartal. 19 Prozent rechnen mit einem Auftragsplus. Ein Gablinger Betrieb geh\u00f6rt dazu.\n  <\/p>\n<p>            In Gablingen sind die Auftragsb\u00fccher voll<\/p>\n<p class=\"mb-6 text-xs md:text-m lg:text-l font-serif group-[.font-sans]:font-sans \">\n    \u201eWir sind sehr, sehr gut ausgelastet. F\u00fcr dieses Jahr sind unsere Auftragsb\u00fccher fast voll\u201c, berichtet Benedikt Kratzer. Der Chef der Firma Energietechnik Kratzer in <a href=\"https:\/\/www.augsburger-allgemeine.de\/augsburg-land\/ort\/gablingen\" target=\"_self\" class=\"underline \" rel=\"nofollow noopener\">Gablingen<\/a> findet, <a href=\"https:\/\/www.augsburger-allgemeine.de\/wirtschaft\/wohnen-baubranche-iran-krieg-laesst-kosten-fuer-hausbauer-steigen-114057550\" target=\"_self\" class=\"underline \" rel=\"nofollow noopener\">der Neubau-Sektor habe \u00fcberraschend angezogen<\/a>. Au\u00dferdem sei der <a href=\"https:\/\/www.augsburger-allgemeine.de\/augsburg-land\/jetzt-rasch-heizung-tauschen-111955487\" target=\"_self\" class=\"underline \" rel=\"nofollow noopener\">Heizkesseltausch gerade attraktiv<\/a>. \u201eWer in den Genuss der F\u00f6rderung kommen will, der muss jetzt die Weichen stellen. Das sagen wir den Interessierten auch.\u201c Doch gerade bei der gro\u00dfen Nachfrage m\u00fcsse man darauf achten, die langj\u00e4hrigen Mitarbeitenden nicht mit \u00dcberstunden zu \u00fcberfordern. Denn das Fachpersonal sei rar. \u201eDarum planen wir genau und wissen jetzt schon, was wir beispielsweise in der dritten September-Woche machen.\u201c Gerade wegen einer F\u00f6rderung von bis <a href=\"https:\/\/www.augsburger-allgemeine.de\/schwabmuenchen\/das-sagen-energieberater-zum-neuen-heizungsgesetz-113976148\" target=\"_self\" class=\"underline \" rel=\"nofollow noopener\">zu 70 Prozent sei der Heizungstausch<\/a> gerade so angesagt. Kratzer ber\u00e4t intensiv und macht sich ein Bild von den Bed\u00fcrfnissen der Kunden. <a href=\"https:\/\/www.augsburger-allgemeine.de\/neuburg\/schon-wieder-neues-heizungsgesetz-betroffene-wuenschen-sich-planbarkeit-113739201\" target=\"_self\" class=\"underline \" rel=\"nofollow noopener\">Manchmal sei eine Pelletheizung<\/a> besser, <a href=\"https:\/\/www.augsburger-allgemeine.de\/geld-leben\/kluge-raum-und-fensterplanung-neubau-so-sparen-sie-mit-dem-richtigen-grundriss-energie-114044689\" target=\"_self\" class=\"underline \" rel=\"nofollow noopener\">manchmal eine W\u00e4rmepumpe.<\/a> Es m\u00fcsse passen.\n  <\/p>\n<p>            Auch ein Dachdeckerbetrieb aus D\u00f6pshofen ist gut ausgelastet<\/p>\n<p class=\"mb-6 text-xs md:text-m lg:text-l font-serif group-[.font-sans]:font-sans \">\n    Auch die <a href=\"https:\/\/www.augsburger-allgemeine.de\/donauwoerth\/dacharbeiten-werden-fuer-senior-in-donau-ries-zur-teuren-kostenfalle-114057399\" target=\"_self\" class=\"underline \" rel=\"nofollow noopener\">Dachdecker-Branche sp\u00fcrt die F\u00f6rderung bestimmter Projekte<\/a>, allerdings keinen Schwung im Hausbau. Mit Sanierungen sei sein Betrieb zu 90 Prozent ausgelastet, sagt Max Bader, Chef der gleichnamigen Firma in D\u00f6pshofen bei Gessertshausen. Die Planungen im Betrieb reichen schon bis 2027. Dachsanierungen k\u00f6nnten mit bis zu 20 Prozent der Kosten bezuschusst werden. Den entsprechenden Antrag m\u00fcsse jedoch ein Energieberater stellen, der auch die Fassaden oder Fenster eines Geb\u00e4udes pr\u00fcft. Der Neubau-Sektor laufe gerade schleppend und auch bei PV-Anlagen sinke das Interesse. Der Markt sei gr\u00f6\u00dftenteils bedient. Bader meint: \u201eWer eine Anlage auf dem Dach wollte, der hat inzwischen auch eine. Und bei der aktuellen F\u00f6rderung ist das nicht mehr so interessant.\u201c\n  <\/p>\n<p>    <img decoding=\"async\" src=\"https:\/\/images.mgpd.de\/img\/113801674\/crop\/c16_9-w100\/415176690\/1363730077\/dachdecker.jpg\" alt=\"Es gibt auch unseri\u00f6se Dachdecker. Deren Arbeit besch\u00e4ftigen dann die Fachkr\u00e4fte.\" title=\"Es gibt auch unseri\u00f6se Dachdecker. Deren Arbeit besch\u00e4ftigen dann die Fachkr\u00e4fte.\" loading=\"lazy\" class=\"h-full w-full object-cover\"\/><\/p>\n<p>      Icon vergr\u00f6\u00dfern<\/p>\n<p>    Es gibt auch unseri\u00f6se Dachdecker. Deren Arbeit besch\u00e4ftigen dann die Fachkr\u00e4fte.<br \/>\n    Foto: Jan Woitas, dpa (Symbolbild)<\/p>\n<p>        Schlie\u00dfen <\/p>\n<p>      Icon Schlie\u00dfen<\/p>\n<p>        Icon vergr\u00f6\u00dfern<\/p>\n<p>        Icon verkleinern<\/p>\n<p>      Icon Pfeil bewegen<\/p>\n<p>    Es gibt auch unseri\u00f6se Dachdecker. Deren Arbeit besch\u00e4ftigen dann die Fachkr\u00e4fte.<br \/>\n    Foto: Jan Woitas, dpa (Symbolbild)<\/p>\n<p class=\"mb-6 text-xs md:text-m lg:text-l font-serif group-[.font-sans]:font-sans \">\n    Was Firmenchef Max Bader neben der \u00fcberbordenden B\u00fcrokratie im Alltag &#8211; \u201eWir haben brutale <a href=\"https:\/\/www.augsburger-allgemeine.de\/bayern\/koalition-csu-chef-soeder-fordert-schnelleres-tempo-bei-reformen-114012145\" target=\"_self\" class=\"underline \" rel=\"nofollow noopener\">Dokumentationspflichten<\/a>, m\u00fcssen selbst bei kleinen T\u00e4tigkeiten eine Gef\u00e4hrdungsbeurteilung mit 20 bis 30 Punkten ausf\u00fcllen\u201c &#8211; am meisten stresst, ist der Nachwuchs- und Fachkr\u00e4ftemangel. Er h\u00e4tte gerne mehr Azubis. Doch die m\u00fcssen zur <a href=\"https:\/\/www.augsburger-allgemeine.de\/geld-leben\/jobs-mit-zukunft-erneuerbare-energien-glaenzende-jobchancen-fuer-azubis-id68775726.html\" target=\"_self\" class=\"underline \" rel=\"nofollow noopener\">Berufsschule bis nach Waldkirchen bei Passau<\/a>, das schrecke viele ab. \u201eAuch bei den Spenglern, die ihre Berufsschule in <a href=\"https:\/\/www.augsburger-allgemeine.de\/augsburg\/\" target=\"_self\" class=\"underline \" rel=\"nofollow noopener\">Augsburg<\/a> haben, machen immer weniger einen Abschluss\u201c, wei\u00df Bader. Gerade diese Not an Fachkr\u00e4ften zwinge manche Betriebe, Leute einzustellen, die das Handwerk gar nicht beherrschen. \u201eZehn Jahre nach dem Hausbau m\u00fcssen wir dann D\u00e4cher richten, die so ein Konkurrent gebaut hat. Das machen wir laufend.\u201c\n  <\/p>\n","protected":false},"excerpt":{"rendered":"Gr\u00f6\u00dfer k\u00f6nnten die Gegens\u00e4tze nicht sein: W\u00e4hrend die Auftragsb\u00fccher mancher Betriebe schon f\u00fcr das ganze Jahr voll sind,&hellip;\n","protected":false},"author":2,"featured_media":995322,"comment_status":"","ping_status":"","sticky":false,"template":"","format":"standard","meta":{"footnotes":"","_share_on_mastodon":"0"},"categories":[1846],"tags":[214974,680,772,214972,144986,3364,29,548,663,3934,85313,45812,30,13,214973,14,15,214971,379,12,129217],"class_list":["post-995321","post","type-post","status-publish","format-standard","has-post-thumbnail","category-augsburg","tag-auftragsbuch","tag-augsburg","tag-bayern","tag-benedikt-kratzer","tag-dachsanierung","tag-de","tag-deutschland","tag-eu","tag-europa","tag-europe","tag-gablingen","tag-gartenarbeit","tag-germany","tag-headlines","tag-max-bader","tag-nachrichten","tag-news","tag-peter-quass","tag-rente","tag-schlagzeilen","tag-schwabmuenchen"],"share_on_mastodon":{"url":"https:\/\/pubeurope.com\/@de\/116519949035981892","error":""},"_links":{"self":[{"href":"https:\/\/www.europesays.com\/de\/wp-json\/wp\/v2\/posts\/995321","targetHints":{"allow":["GET"]}}],"collection":[{"href":"https:\/\/www.europesays.com\/de\/wp-json\/wp\/v2\/posts"}],"about":[{"href":"https:\/\/www.europesays.com\/de\/wp-json\/wp\/v2\/types\/post"}],"author":[{"embeddable":true,"href":"https:\/\/www.europesays.com\/de\/wp-json\/wp\/v2\/users\/2"}],"replies":[{"embeddable":true,"href":"https:\/\/www.europesays.com\/de\/wp-json\/wp\/v2\/comments?post=995321"}],"version-history":[{"count":0,"href":"https:\/\/www.europesays.com\/de\/wp-json\/wp\/v2\/posts\/995321\/revisions"}],"wp:featuredmedia":[{"embeddable":true,"href":"https:\/\/www.europesays.com\/de\/wp-json\/wp\/v2\/media\/995322"}],"wp:attachment":[{"href":"https:\/\/www.europesays.com\/de\/wp-json\/wp\/v2\/media?parent=995321"}],"wp:term":[{"taxonomy":"category","embeddable":true,"href":"https:\/\/www.europesays.com\/de\/wp-json\/wp\/v2\/categories?post=995321"},{"taxonomy":"post_tag","embeddable":true,"href":"https:\/\/www.europesays.com\/de\/wp-json\/wp\/v2\/tags?post=995321"}],"curies":[{"name":"wp","href":"https:\/\/api.w.org\/{rel}","templated":true}]}}