{"id":995532,"date":"2026-05-05T05:59:47","date_gmt":"2026-05-05T05:59:47","guid":{"rendered":"https:\/\/www.europesays.com\/de\/995532\/"},"modified":"2026-05-05T05:59:47","modified_gmt":"2026-05-05T05:59:47","slug":"hallo-leipzig-so-startet-montag-der-4-mai-2026-%c2%b7-leipziger-zeitung","status":"publish","type":"post","link":"https:\/\/www.europesays.com\/de\/995532\/","title":{"rendered":"Hallo Leipzig: So startet Montag, der 4. Mai 2026 \u00b7 Leipziger Zeitung"},"content":{"rendered":"<p>Es wird gebaut und umgeleitet \u2013 zwischen M\u00f6ckern und Wahren sowie in Sch\u00f6nefeld-Ost. Eltern k\u00f6nnen ab heute Hortpl\u00e4tze buchen,\u00a0 eine Aktionswoche stellt Firmen und Selbstst\u00e4ndige rund um das Thema Kindertagespflege vor. Kulturell gibt es reichlich Gesang und Sch\u00fclerakrobatik, das Werk2 entstaubt ein Traditionsinstrument \u2013 und die HCL-Damen haben sich zur\u00fcck an die Ligaspitze gek\u00e4mpft.<\/p>\n<p>Neue Gleise und besserer Stra\u00dfenbelag<\/p>\n<p>F\u00fcr Neues muss Altes weichen \u2013 im wahrsten Sinne! Die Leipziger Verkehrsbetriebe beginnen heute mit umfangreichen Bauarbeiten am Gleisnetz entlang der Georg-Schumann-Stra\u00dfe und der Lindenthaler Stra\u00dfe. Diese erstrecken sich bis Mitte September und werden in mehreren aufeinanderfolgenden Abschnitten durchgef\u00fchrt.<\/p>\n<p>Zun\u00e4chst wird bis zum 3. Juli zwischen Annaberger Stra\u00dfe und Hopfenbergstra\u00dfe an den Gleisen gearbeitet, ehe ab dem 4. Juli weitere Ma\u00dfnahmen unter anderem im Kreuzungsbereich Georg-Schumann-\/Lindenthaler Stra\u00dfe sowie an den Gleiskurven Wolfener Stra\u00dfe\/Lindenthaler Stra\u00dfe folgen und bis sp\u00e4testens 18. September andauern, w\u00e4hrend parallel auch zwischen Wiederitzscher Stra\u00dfe und Bothestra\u00dfe instandgesetzt wird. Aufgrund der Arbeiten kommt es bei den Stra\u00dfenbahnlinien 10 und 11 \u00fcber mehrere Phasen hinweg zu \u00c4nderungen, die Linie 4 wird ab 4. Juli umgeleitet. <a href=\"https:\/\/www.l-iz.de\/tag\/Schienenersatzverkehr\" target=\"_blank\" rel=\"noopener nofollow\">Schienenersatzverkehr<\/a> \u00fcbernimmt die Linie 11 ab M\u00f6ckernscher Markt.<img decoding=\"async\" src=\"https:\/\/www.europesays.com\/de\/wp-content\/uploads\/2026\/05\/2fe3eaff84514c079f557be755a92e4f.gif\" alt=\"\" width=\"https:\/\/www.l-iz.de\/der-tag\/2026\/05\/1\" height=\"https:\/\/www.l-iz.de\/der-tag\/2026\/05\/1\"\/><\/p>\n<p>Die Busse fahren dabei gestaffelt: Zwischen M\u00f6ckernscher Markt und Wahren besteht tags\u00fcber ein emsiger Takt von etwa sieben Minuten, weiter bis Modelwitz verkehren die Busse im Abstand von acht bis zw\u00f6lf Minuten und auf dem l\u00e4ngsten Abschnitt bis Schkeuditz etwa alle 20 Minuten. Im Sch\u00fclerverkehr werden zus\u00e4tzliche Fahrten angeboten, um die Nachfrage abzudecken. Aktuelle Fahrpl\u00e4ne sind online unter <a href=\"https:\/\/www.l.de\/verkehrsbetriebe\/fahren\/verbindungen-und-abfahrten\/\" target=\"_blank\" rel=\"noopener nofollow\">L.de\/fahrplan<\/a> sowie in der <a href=\"https:\/\/leipzig-move.de\/\" target=\"_blank\" rel=\"noopener nofollow\">App LeipzigMOVE<\/a> verf\u00fcgbar.<\/p>\n<p>F\u00fcr Autos ist die <a href=\"https:\/\/www.l-iz.de\/tag\/georg-schumann-strasse\" target=\"_blank\" rel=\"noopener nofollow\">Georg-Schumann-Stra\u00dfe<\/a> stadteinw\u00e4rts zwischen Annaberger- und Hopfenbergstra\u00dfe gesperrt, stadtausw\u00e4rts gibt\u2019s eine einspurige Verkehrsf\u00fchrung. Die Umleitung ist ausgeschildert, wobei die Friedrich-Bosse-Stra\u00dfe tempor\u00e4r als Einbahnstra\u00dfe ausgewiesen wird und Halteverbote eingerichtet werden.<\/p>\n<p>Gebuddelt wird ab heute auch auf der L\u00f6bauer Stra\u00dfe in Sch\u00f6nefeld-Ost zwischen Bautzner Stra\u00dfe und Bertolt-Brecht-Stra\u00dfe, die aufgrund ihres schlechten Zustands f\u00fcr insgesamt 280.000 Euro eine neue Fahrbahndecke erh\u00e4lt, inklusive spezieller Asphaltdecke im Bereich der stark beanspruchten Bushaltestelle nahe der Julian-Marchlewski-Stra\u00dfe sowie dem Einbau von Leerrohren f\u00fcr Versorgungsleitungen, was das verha\u00dfte Mehrfachgraben verhindern soll.<\/p>\n<p>Die Arbeiten erfolgen in zwei Bauabschnitten mit abschnittsweisen Vollsperrungen, zun\u00e4chst bis zum 24. Mai zwischen Bautzner Stra\u00dfe und dem Einkaufs- und Gesundheitszentrum Sonnenwall, anschlie\u00dfend bis voraussichtlich 5. Juni bis zur Bertolt-Brecht-Stra\u00dfe, w\u00e4hrend Busse und Autos \u00fcber die Bautzner Stra\u00dfe umgeleitet werden und die Linien 70, 77 und 90 eine Ersatzhaltestelle auf H\u00f6he der H\u00e4nischstra\u00dfe bedienen. M\u00e4chtig viel Verkehrswirrwar \u2013 die gute Nachricht: der Gehweg bleibt f\u00fcr Fu\u00dfg\u00e4nger nutzbar.<\/p>\n<p><a href=\"https:\/\/www.europesays.com\/de\/wp-content\/uploads\/2026\/05\/IMG_0699.jpeg\"><img loading=\"lazy\" decoding=\"async\" class=\"size-full wp-image-655977\" src=\"https:\/\/www.europesays.com\/de\/wp-content\/uploads\/2026\/05\/IMG_0699.jpeg\" alt=\"\" width=\"4374\" height=\"2915\"  \/><\/a>Alles muss raus! Die Georg-Schumann-Stra\u00dfe braucht neue Gleise. Foto: Benjamin Weinkauf<br \/>\nHeute hurtig f\u00fcr den Hort<\/p>\n<p>In vielen Familien ist die Aufregung jetzt schon gro\u00df: im August ist <a href=\"https:\/\/www.l-iz.de\/tag\/Schulanfang\" target=\"_blank\" rel=\"noopener nofollow\">Schulanfang<\/a>! Wie gro\u00df wird die Feier, muss ein Lokal gemietet werden, wer wird eingeladen \u2013 und wer nicht? Und ist der Ranzen, der jetzt schon ausgesucht wird, am 8. August noch \u201een vogue\u201c? Was bei all der Aufregung gern vergessen wird, ist eine der Kleinigkeiten, die zum gro\u00dfen Problem werden k\u00f6nnen.<\/p>\n<p>Start heute erweitert <a href=\"https:\/\/www.l-iz.de\/tag\/stadtverwaltung\" target=\"_blank\" rel=\"noopener nofollow\">die Stadt Leipzig<\/a> ihr digitales Angebot zur Kinderbetreuung, indem Eltern den Bedarf f\u00fcr einen Hortplatz erstmals online \u00fcber das Elternportal <a href=\"http:\/\/www.meinkitaplatz-leipzig.de\" data-start=\"172\" data-end=\"200\" rel=\"nofollow noopener\" target=\"_blank\">www.meinkitaplatz-leipzig.de<\/a> anmelden k\u00f6nnen, wodurch das bereits bestehende System f\u00fcr <a href=\"https:\/\/www.l-iz.de\/leben\/familie-und-kinder\" target=\"_blank\" rel=\"noopener nofollow\">Kindertagespflege, Krippe und Kindergarten<\/a> um eine weitere Funktion erg\u00e4nzt wird, w\u00e4hrend die pers\u00f6nliche Anmeldung im Wunschhort weiterhin m\u00f6glich bleibt. Neu ist zudem eine transparente Darstellung der verf\u00fcgbaren Betreuungspl\u00e4tze, bei der ein ampel\u00e4hnliches System die Auslastung einzelner Einrichtungen sichtbar macht.<\/p>\n<p>Die digitale Anmeldung soll die Organisation der Betreuung im Grundschulalter deutlich erleichtern und gleichzeitig f\u00fcr mehr Nachvollziehbarkeit im Verfahren sorgen, wie <a href=\"https:\/\/www.l-iz.de\/politik\/leipzig\/2025\/01\/interview-mit-vicki-felthaus-schulen-kitas-und-das-liebe-geld-video-613204\" target=\"_blank\" rel=\"noopener nofollow\">Vicki Felthaus<\/a>, B\u00fcrgermeisterin f\u00fcr Jugend, Schule und Demokratie, in einer Mitteilung betont: \u201eDie digitale Hortanmeldung erg\u00e4nzt die bisherigen, bew\u00e4hrten Funktionen des Elternportals und macht die Anmeldung zur Betreuung im Grundschulalter deutlich einfacher. Wir sorgen gleichzeitig f\u00fcr mehr Transparenz im gesamten Verfahren\u201c.<\/p>\n<p>Eltern ohne bestehendes Nutzerkonto k\u00f6nnen sich unkompliziert registrieren, w\u00e4hrend bereits vorhandene Konten weiterhin genutzt werden k\u00f6nnen, da hinterlegte Daten zu Kind und Sorgeberechtigten automatisch \u00fcbernommen und in der neuen Anmeldung vorausgef\u00fcllt werden, die Bedarfsanmeldung bleibt dabei wie bisher die Grundlage f\u00fcr den sp\u00e4teren Abschluss eines Betreuungsvertrages durch die jeweilige Einrichtungsleitung.<\/p>\n<p><a href=\"https:\/\/www.europesays.com\/de\/wp-content\/uploads\/2026\/05\/kinder_forschen_gras.jpg\"><img loading=\"lazy\" decoding=\"async\" class=\"size-full wp-image-655951\" src=\"https:\/\/www.europesays.com\/de\/wp-content\/uploads\/2026\/05\/kinder_forschen_gras.jpg\" alt=\"\" width=\"1000\" height=\"667\"  \/><\/a>Pl\u00e4tze sichern. Ab heute k\u00f6nnen Kinder f\u00fcr den Hort angemeldet werden. Foto: Ralf Julke<br \/>\nEs gibt ein Leben vor dem Hort<\/p>\n<p>Kitaplatz gesichert, Hortplatz auch? \u201eGesund gro\u00df werden\u201c ist das Motto der Aktionswoche Kindertagespflege von heute bis zum 8. Mai 2026. Tagesmuttis und -papis stellen sich mit zahlreichen Veranstaltungen im \u00f6ffentlichen Raum vor, geben Einblicke in ihre liebevolle Begleitung der J\u00fcngsten und in die Aspekte gesunder Lebensweise w\u00e4hrend der fr\u00fchkindlichen Entwicklung.<\/p>\n<p>Sichtbares Zeichen der Woche ist ein gelbes Stadtbild, denn Fensterb\u00e4nke von Tagespflegestellen werden entsprechend gestaltet, w\u00e4hrend Kinder mit fr\u00f6hlichen Botschaften in Sonnenform unterwegs sind und das Stadtbild pr\u00e4gen. <a href=\"https:\/\/www.medienservice.sachsen.de\/medien\/news\/1096861\" target=\"_blank\" rel=\"noopener nofollow\">Das Programm<\/a> begann heute um 9:30 Uhr im Rosental am Zooschaufenster mit \u201eEin gelbes Erlebnis mit Kamishibai-Geschichten\u201c, gefolgt von einer Veranstaltung am Dienstag, 05.05.2026, um 9:30 Uhr auf dem Marktplatz und in der Len\u00e9anlage unter dem Titel \u201eGemeinsamer Einkauf und Picknick rund um gesunde Ern\u00e4hrung\u201c.<\/p>\n<p>Am Mittwoch, 06.05.2026, l\u00e4dt um 9:30 Uhr die Anton-Bruckner-Allee auf H\u00f6he des AOK-Spielplatzes zu \u201eSpielerische Entdeckungstouren f\u00fcr Kinder\u201c ein, bevor am Freitag, 08.05.2026, um 09:30 Uhr im Clara-Zetkin-Park auf H\u00f6he des Glashauses unter dem Motto \u201eMit kleinen Erkundungsstrecken und Bewegungsangeboten entdecken wir unsere Umgebung\u201c weitere Aktivit\u00e4ten stattfinden.<\/p>\n<p>Die Aktionswoche richtet sich an alle , die die Kindertagespflege n\u00e4her kennenlernen und mit den Beteiligten ins Gespr\u00e4ch kommen m\u00f6chten, verbunden mit dem Aufruf: \u201eGemeinsam setzen wir ein Zeichen f\u00fcr die Kinder und ihre Zukunft \u2013 kommen Sie vorbei und erleben Sie es selbst!\u201c. Eine \u00dcbersicht aller Veranstaltungen und teilnehmenden Tagespflegepersonen wird auf der Website des \u201cLeipziger Tageseltern e.V.\u201d bereitgestellt.<\/p>\n<p><a href=\"https:\/\/www.europesays.com\/de\/wp-content\/uploads\/2026\/05\/IMG_0700.jpeg\"><img loading=\"lazy\" decoding=\"async\" class=\"size-full wp-image-655985\" src=\"https:\/\/www.europesays.com\/de\/wp-content\/uploads\/2026\/05\/IMG_0700.jpeg\" alt=\"\" width=\"1616\" height=\"1077\"  \/><\/a>Fr\u00fchkindliche Betreuung ist nichts f\u00fcr nebenbei. Leipzig widmet der Arbeit in der Kindertagespflege eine ganze Aktionswoche. Symbolfoto: Regenwolke0\/Pixabay<br \/>\nArtistik, Akkordeon und A-Cappella<\/p>\n<p>Schon wieder Schule? Jetzt aber auf h\u00f6chst sportlichem Niveau! Unter dem Titel \u201eArtistik bewegt Leipzig\u201c feiert der Artistik Schulprojekt e. V. ab heute sein 15-j\u00e4hriges Bestehen mit einer Jubil\u00e4umswoche in der <a href=\"https:\/\/www.l-iz.de\/tag\/nato-e-V\" target=\"_blank\" rel=\"noopener nofollow\">\u201enaTo\u201c<\/a>\u00a0 \u2013 mit t\u00e4glich wechselnden Auff\u00fchrungen aus Jonglage, Akrobatik und Balancekunst. Die Tage bieten einen Einblick in die Entwicklung zahlreicher Projekte seit der Vereinsgr\u00fcndung. Die Vorstellungen finden von Montag bis Freitag jeweils um 16:30 Uhr und 18:00 Uhr sowie am Wochenende um 15:30 Uhr und 17:30 Uhr statt, der Eintritt betr\u00e4gt 10,- beziehungsweise 7,- Euro, im Vorverkauf 10,50 beziehungsweise 7,50 Euro \u00fcber <a href=\"https:\/\/www.tickettailor.com\/events\/artistikschulprojektinitiativefrbewegungsfrderungev\/2143335\" target=\"_blank\" rel=\"noopener nofollow\">Ticket Tailor<\/a>.<\/p>\n<p>Mit Akrobatik der Stimme bereichert heute Abend um 20 Uhr in der <a href=\"https:\/\/www.l-iz.de\/tag\/philippus\" target=\"_blank\" rel=\"noopener nofollow\">Philippuskirche<\/a> (Aurelienstra\u00dfe) das Slowenische Ensemble \u201eIngenium\u201c. Das 2009 gegr\u00fcndete und vielfach ausgezeichnete Vokalensemble bietet ein Repertoire von geistlicher Renaissance-Musik bis zu Jazz- und Popsongs sowie Volksliedern aus seiner Heimat pr\u00e4sentiert und mit Werken unter anderem von Orlando di Lasso, Johann Christoph Bach, Edward Bairstow und Eric Whitacre eine musikalische Lebensreise \u201evon der Geburt \u00fcber die Jugend bis zum Tod \u2013 und dar\u00fcber hinaus\u201c gestaltet. Karten gibt es an der Abendkasse f\u00fcr 28 Euro, Rentner und Inhaber der <a href=\"https:\/\/www.l.de\/verkehrsbetriebe\/abos-tickets\/leipzig-card\/\" target=\"_blank\" rel=\"noopener nofollow\">LeipzigCard<\/a> zahlen 24 Euro. Eine Stunde vor dem Konzert gibt\u2019s eine Einf\u00fchrung, bei der auch das beliebte Ensemble <a href=\"https:\/\/www.l-iz.de\/tag\/amarcord\" target=\"_blank\" rel=\"noopener nofollow\">AMARCORD<\/a> anwesend sein wird.<\/p>\n<p>Zum Dreiklang des Tages geh\u00f6rt unbedingt noch ein Festival, das ein ganz besonderes Instrument aus der verstaubten Seemannskiste holen will. \u00a0\u00a0Die \u201eAkkordeonale 2026 \u2013 Internationales Akkordeon Festival \u2013 Leipzig\u201c ist heute im <a href=\"https:\/\/www.l-iz.de\/tag\/werk-2\" target=\"_blank\" rel=\"noopener nofollow\">Werk 2<\/a> zu erleben und bringt eine internationale Konzertreihe zur\u00fcck, die seit ihrer Gr\u00fcndung 2009 durch Servais Haanen das Akkordeon als vielseitiges B\u00fchneninstrument etabliert hat. In diesem Jahr ist die Tournee zugleich ein Abschied, da Haanen das Festival k\u00fcnftig in j\u00fcngere H\u00e4nde \u00fcbergeben will. Mitwirkende sind unter anderem Adriana de Los Santos, Maurizio Minardi, Zabou Gu\u00e9rin, Dimos Vougioukas, Diogo Pic\u00e3o und Johanna Stein, die gemeinsam ein Programm zwischen s\u00fcdamerikanischer Gaucho-Musik, griechischem Blues, Balkan-Jazz und europ\u00e4ischer Klangkunst pr\u00e4sentieren, gepr\u00e4gt vom Wechsel aus Soli und Ensemblest\u00fccken.<\/p>\n<p>Der Abend wird als \u201eEine einzige Liebeserkl\u00e4rung an das \u2013 wie Akkordeonale-Gr\u00fcnder Servais Haanen sagt \u2013 sch\u00f6nste Instrument der Welt\u201c angek\u00fcndigt sowie mit den Worten \u201eEin Fest der Kl\u00e4nge! Adrenalin und Seelenbalsam! Sehen \u2014 H\u00f6ren \u2014 Genie\u00dfen\u201c. Das Konzert beginnt um 20 Uhr, bei freier Platzwahl, das Gel\u00e4nde ist barrierefrei zug\u00e4nglich, Begleitpersonen von Menschen mit (Schwer-)Behindertenausweis erhalten freien Eintritt.<\/p>\n<p><a href=\"https:\/\/www.europesays.com\/de\/wp-content\/uploads\/2026\/05\/IMG_0695.jpeg\"><img loading=\"lazy\" decoding=\"async\" class=\"size-full wp-image-655922\" src=\"https:\/\/www.europesays.com\/de\/wp-content\/uploads\/2026\/05\/IMG_0695.jpeg\" alt=\"\" width=\"3110\" height=\"2074\"  \/><\/a>Singt und lacht heute in Leipzig: das slowenische Ingenium Ensemble. Foto: Barnaby Smith<br \/>\nF\u00fcchse durch Sieg gegen Luchse \u00fcberholt<\/p>\n<p>von Jan Kaefer<\/p>\n<p data-start=\"125\" data-end=\"537\">\u00dcber ein halbes Jahr lang hatten die <a href=\"https:\/\/www.l-iz.de\/tag\/HCL\" target=\"_blank\" rel=\"noopener nofollow\">Handballerinnen des HC Leipzig<\/a> die Tabellenf\u00fchrung in der 2. Handball-Bundesliga f\u00f6rmlich gepachtet. Doch kurzzeitig musste das Team um Trainer Erik T\u00f6pfer seinen Platz an der Sonne abgeben. Einen Tag lang waren die F\u00fcchse Berlin durch einen 10-Tore-Sieg bei den R\u00f6dertal-Bienen auf die Spitzenposition geschlichen und hatten damit ein gewisses sportliches Statement gesetzt.<\/p>\n<p data-start=\"539\" data-end=\"1184\">So gerieten die Leipzigerinnen am Sonntagnachmittag erstmals in ungewohnten Zugzwang. Vom Berliner Fuchs zum Luchs aus Buchholz-Rosengarten z\u00e4hlte nur ein Sieg, um die alleinige F\u00fchrung in der Liga wieder zu \u00fcbernehmen. Die Erkenntnis des Tages: Auch der HCL kann ein Statement setzen! Mit einem furiosen und entschlossenen Auftritt in der <a href=\"https:\/\/www.l-iz.de\/tag\/sporthalle-bruederstrasse\" target=\"_blank\" rel=\"noopener nofollow\">heimischen Br\u00fcderhalle<\/a> lie\u00dfen sie ihren Gegnerinnen keine Chance. Zur Halbzeit war der symbolische Drops bei einem Zwischenstand von 22:6 bereits gelutscht. Am Ende feierten die Gastgeberinnen nicht nur einen 39:19-Kantersieg, sondern zogen damit in der Tabelle wieder gr\u00fc\u00dfend an den Berlinerinnen vorbei.<\/p>\n<p data-start=\"1186\" data-end=\"1574\">Die Kampfansage steht, und alle Blicke richten sich jetzt auf den Showdown am kommenden Samstag. Denn dann treffen in Berlin die beiden Top-Teams im direkten Duell aufeinander. Vier Spieltage vor Saisonende k\u00f6nnte dieser \u201eKampf der Titanen\u201c bereits die Weichen in Richtung Meisterschaft und damit zum begehrten direkten Aufstiegsplatz stellen. Wer hat diesmal das bessere Statement parat?<\/p>\n","protected":false},"excerpt":{"rendered":"Es wird gebaut und umgeleitet \u2013 zwischen M\u00f6ckern und Wahren sowie in Sch\u00f6nefeld-Ost. Eltern k\u00f6nnen ab heute Hortpl\u00e4tze&hellip;\n","protected":false},"author":2,"featured_media":995533,"comment_status":"","ping_status":"","sticky":false,"template":"","format":"standard","meta":{"footnotes":"","_share_on_mastodon":"0"},"categories":[1832],"tags":[3364,2409,29,30,1391,101179,80,71,810,859,7387,43714,601],"class_list":["post-995532","post","type-post","status-publish","format-standard","has-post-thumbnail","category-leipzig","tag-de","tag-der-tag","tag-deutschland","tag-germany","tag-handball","tag-hcl","tag-kultur","tag-leipzig","tag-musik","tag-sachsen","tag-strassenbau","tag-tagesmuetter","tag-verkehr"],"share_on_mastodon":{"url":"https:\/\/pubeurope.com\/@de\/116520443945829630","error":""},"_links":{"self":[{"href":"https:\/\/www.europesays.com\/de\/wp-json\/wp\/v2\/posts\/995532","targetHints":{"allow":["GET"]}}],"collection":[{"href":"https:\/\/www.europesays.com\/de\/wp-json\/wp\/v2\/posts"}],"about":[{"href":"https:\/\/www.europesays.com\/de\/wp-json\/wp\/v2\/types\/post"}],"author":[{"embeddable":true,"href":"https:\/\/www.europesays.com\/de\/wp-json\/wp\/v2\/users\/2"}],"replies":[{"embeddable":true,"href":"https:\/\/www.europesays.com\/de\/wp-json\/wp\/v2\/comments?post=995532"}],"version-history":[{"count":0,"href":"https:\/\/www.europesays.com\/de\/wp-json\/wp\/v2\/posts\/995532\/revisions"}],"wp:featuredmedia":[{"embeddable":true,"href":"https:\/\/www.europesays.com\/de\/wp-json\/wp\/v2\/media\/995533"}],"wp:attachment":[{"href":"https:\/\/www.europesays.com\/de\/wp-json\/wp\/v2\/media?parent=995532"}],"wp:term":[{"taxonomy":"category","embeddable":true,"href":"https:\/\/www.europesays.com\/de\/wp-json\/wp\/v2\/categories?post=995532"},{"taxonomy":"post_tag","embeddable":true,"href":"https:\/\/www.europesays.com\/de\/wp-json\/wp\/v2\/tags?post=995532"}],"curies":[{"name":"wp","href":"https:\/\/api.w.org\/{rel}","templated":true}]}}