{"id":996156,"date":"2026-05-05T11:54:20","date_gmt":"2026-05-05T11:54:20","guid":{"rendered":"https:\/\/www.europesays.com\/de\/996156\/"},"modified":"2026-05-05T11:54:20","modified_gmt":"2026-05-05T11:54:20","slug":"zweiter-film-der-reihe-fuer-die-erde-beruehrt-und-ist-anlass-fuer-diskussionen","status":"publish","type":"post","link":"https:\/\/www.europesays.com\/de\/996156\/","title":{"rendered":"Zweiter Film der Reihe \u201eF\u00fcr die Erde\u201c ber\u00fchrt und ist Anlass f\u00fcr Diskussionen."},"content":{"rendered":"<p class=\"mb-6 text-xs md:text-m lg:text-l font-serif group-[.font-sans]:font-sans \">\n    Als die zehnj\u00e4hrige Skye dem Top-Manager von Nestl\u00e9 die Leviten liest, h\u00e4lt der ganze Kinosaal die Luft an. Die Szene ist Teil des Films \u201eFuture Council\u201c, in dem Regisseur Damon Gameau eine internationale Gruppe von acht Kindern und Jugendlichen, die sich alle in besonderem Ma\u00dfe f\u00fcr die Umwelt engagieren, durch Europa begleitet.  Sie wollen erfahren, wie es um unseren Planeten und damit um ihre Zukunft steht.  Der Vertreter des Schweizer Konzerns stellte sich den Fragen der Kinder und erl\u00e4uterte, warum sie weiter keine recycelbaren Verpackungen nutzen. Dazu f\u00fcgt er an, sein Unternehmen k\u00f6nne allein eh nicht viel ausrichten. \u201eSie sind der drittgr\u00f6\u00dfte Umweltverschmutzer auf diesem Planeten. Sie sind kein Anf\u00fchrer, Sie sind eine Schande!\u201c, entgegnet Skye mit Tr\u00e4nen in den Augen. Die Zehnj\u00e4hrige setzt sich in ihrem Heimatland England daf\u00fcr ein, dass Zeitschriften f\u00fcr Kinder kein Plastikspielzeug mehr beigelegt wird. Auch die anderen Teilnehmer der Reise engagieren sich f\u00fcr die Umwelt. Der elfj\u00e4hrige Joseph Wijaya aus Bali zum Beispiel sammelt am Strand Plastikm\u00fcll und verarbeitet ihn zu Schl\u00fcsselanh\u00e4ngern. Das Geld, das er damit einnimmt, erm\u00f6glicht Kindern in seiner Heimat den Schulbesuch.\n  <\/p>\n","protected":false},"excerpt":{"rendered":"Als die zehnj\u00e4hrige Skye dem Top-Manager von Nestl\u00e9 die Leviten liest, h\u00e4lt der ganze Kinosaal die Luft an.&hellip;\n","protected":false},"author":2,"featured_media":996157,"comment_status":"","ping_status":"","sticky":false,"template":"","format":"standard","meta":{"footnotes":"","_share_on_mastodon":"0"},"categories":[1771],"tags":[215203,1778,29,3058,214,663,30,215202,215204,95,215200,1777,46341,215201,4562,154230,215],"class_list":["post-996156","post","type-post","status-publish","format-standard","has-post-thumbnail","category-kino","tag-bernd-hillebrand","tag-cinema","tag-deutschland","tag-england","tag-entertainment","tag-europa","tag-germany","tag-janne-engels","tag-joseph-wijaya","tag-kino","tag-kinoreihe","tag-movie","tag-nestle","tag-nora-haymann","tag-reise","tag-ueberlingen","tag-unterhaltung"],"share_on_mastodon":{"url":"https:\/\/pubeurope.com\/@de\/116521839473719801","error":""},"_links":{"self":[{"href":"https:\/\/www.europesays.com\/de\/wp-json\/wp\/v2\/posts\/996156","targetHints":{"allow":["GET"]}}],"collection":[{"href":"https:\/\/www.europesays.com\/de\/wp-json\/wp\/v2\/posts"}],"about":[{"href":"https:\/\/www.europesays.com\/de\/wp-json\/wp\/v2\/types\/post"}],"author":[{"embeddable":true,"href":"https:\/\/www.europesays.com\/de\/wp-json\/wp\/v2\/users\/2"}],"replies":[{"embeddable":true,"href":"https:\/\/www.europesays.com\/de\/wp-json\/wp\/v2\/comments?post=996156"}],"version-history":[{"count":0,"href":"https:\/\/www.europesays.com\/de\/wp-json\/wp\/v2\/posts\/996156\/revisions"}],"wp:featuredmedia":[{"embeddable":true,"href":"https:\/\/www.europesays.com\/de\/wp-json\/wp\/v2\/media\/996157"}],"wp:attachment":[{"href":"https:\/\/www.europesays.com\/de\/wp-json\/wp\/v2\/media?parent=996156"}],"wp:term":[{"taxonomy":"category","embeddable":true,"href":"https:\/\/www.europesays.com\/de\/wp-json\/wp\/v2\/categories?post=996156"},{"taxonomy":"post_tag","embeddable":true,"href":"https:\/\/www.europesays.com\/de\/wp-json\/wp\/v2\/tags?post=996156"}],"curies":[{"name":"wp","href":"https:\/\/api.w.org\/{rel}","templated":true}]}}