{"id":996189,"date":"2026-05-05T12:11:16","date_gmt":"2026-05-05T12:11:16","guid":{"rendered":"https:\/\/www.europesays.com\/de\/996189\/"},"modified":"2026-05-05T12:11:16","modified_gmt":"2026-05-05T12:11:16","slug":"erst-klage-jetzt-einigung-warum-die-stadt-augsburg-mit-den-theater-architekten-nochmal-reden-will","status":"publish","type":"post","link":"https:\/\/www.europesays.com\/de\/996189\/","title":{"rendered":"Erst Klage, jetzt Einigung? Warum die Stadt Augsburg mit den Theater-Architekten nochmal reden will"},"content":{"rendered":"<p class=\"mb-6 text-xs md:text-m lg:text-l font-serif group-[.font-sans]:font-sans \">\n    Der Ansto\u00df zu einer g\u00fctlichen Einigung im Rechtsstreit mit den gek\u00fcndigten Theaterarchitekten kam von der Stadt <a href=\"https:\/\/www.augsburger-allgemeine.de\/augsburg\/\" target=\"_self\" class=\"underline \" rel=\"nofollow noopener\">Augsburg<\/a>. Das sagte Baureferent Steffen Kercher (<a href=\"https:\/\/www.augsburger-allgemeine.de\/organisationen\/aa-csu\" target=\"_self\" class=\"underline \" rel=\"nofollow noopener\">CSU<\/a>) am Montag im Stadtrat. Nachgefragt hatte Roland Wegner (V-Partei\u00b3) <a href=\"https:\/\/www.augsburger-allgemeine.de\/augsburg\/augsburg-theater-statt-prozess-streben-stadt-und-architekten-guetliche-einigung-an-114117029\" target=\"_self\" class=\"underline \" rel=\"nofollow noopener\">auf einen Bericht unserer Redaktion hin<\/a>. Er wundere sich, dass die Stadt erst Feststellungsklage erhebe und dann \u201eeine Rolle r\u00fcckw\u00e4rts\u201c mache.\n  <\/p>\n<p class=\"mb-6 text-xs md:text-m lg:text-l font-serif group-[.font-sans]:font-sans \">\n    Kercher entgegnete, es sei v\u00f6llig \u00fcblich, in ein G\u00fcteverfahren zu gehen, bevor man es auf eine Entscheidung in einem strittigen Gerichtsverfahren ankommen lasse. Ein solcher Versuch ist vor Zivilkammern beim ersten Verhandlungstermin in der Tat obligatorisch, in diesem Fall haben sich die Parteien aber gleich auf einen nicht-\u00f6ffentlichen Termin vor einem G\u00fcterichter verst\u00e4ndigt.\n  <\/p>\n<p>            G\u00fcteverfahren beim Landgericht M\u00fcnchen beantragt<\/p>\n<p class=\"mb-6 text-xs md:text-m lg:text-l font-serif group-[.font-sans]:font-sans \">\n    Die Stadt hatte das G\u00fcteverfahren demnach Ende Januar beim Landgericht M\u00fcnchen beantragt, die Gegenseite habe im Februar zugestimmt, so Kercher. Demnach wurde die Entscheidung noch unter der alten Stadtregierung und noch vor der Stichwahl getroffen. Kercher erinnerte daran, dass er vom Stadtrat auch beauftragt worden sei, nach M\u00f6glichkeit eine g\u00fctliche Einigung anzustreben.\n  <\/p>\n","protected":false},"excerpt":{"rendered":"Der Ansto\u00df zu einer g\u00fctlichen Einigung im Rechtsstreit mit den gek\u00fcndigten Theaterarchitekten kam von der Stadt Augsburg. Das&hellip;\n","protected":false},"author":2,"featured_media":930084,"comment_status":"","ping_status":"","sticky":false,"template":"","format":"standard","meta":{"footnotes":"","_share_on_mastodon":"0"},"categories":[1846],"tags":[680,772,774,3364,29,548,663,3934,30,215209,13,2553,14,15,15293,152108,12,137983,45058],"class_list":["post-996189","post","type-post","status-publish","format-standard","has-post-thumbnail","category-augsburg","tag-augsburg","tag-bayern","tag-csu","tag-de","tag-deutschland","tag-eu","tag-europa","tag-europe","tag-germany","tag-gueteverfahren","tag-headlines","tag-landgericht-muenchen","tag-nachrichten","tag-news","tag-rechtsstreit","tag-roland-wegner","tag-schlagzeilen","tag-steffen-kercher","tag-stichwahl"],"share_on_mastodon":{"url":"https:\/\/pubeurope.com\/@de\/116521906145794612","error":""},"_links":{"self":[{"href":"https:\/\/www.europesays.com\/de\/wp-json\/wp\/v2\/posts\/996189","targetHints":{"allow":["GET"]}}],"collection":[{"href":"https:\/\/www.europesays.com\/de\/wp-json\/wp\/v2\/posts"}],"about":[{"href":"https:\/\/www.europesays.com\/de\/wp-json\/wp\/v2\/types\/post"}],"author":[{"embeddable":true,"href":"https:\/\/www.europesays.com\/de\/wp-json\/wp\/v2\/users\/2"}],"replies":[{"embeddable":true,"href":"https:\/\/www.europesays.com\/de\/wp-json\/wp\/v2\/comments?post=996189"}],"version-history":[{"count":0,"href":"https:\/\/www.europesays.com\/de\/wp-json\/wp\/v2\/posts\/996189\/revisions"}],"wp:featuredmedia":[{"embeddable":true,"href":"https:\/\/www.europesays.com\/de\/wp-json\/wp\/v2\/media\/930084"}],"wp:attachment":[{"href":"https:\/\/www.europesays.com\/de\/wp-json\/wp\/v2\/media?parent=996189"}],"wp:term":[{"taxonomy":"category","embeddable":true,"href":"https:\/\/www.europesays.com\/de\/wp-json\/wp\/v2\/categories?post=996189"},{"taxonomy":"post_tag","embeddable":true,"href":"https:\/\/www.europesays.com\/de\/wp-json\/wp\/v2\/tags?post=996189"}],"curies":[{"name":"wp","href":"https:\/\/api.w.org\/{rel}","templated":true}]}}