{"id":996267,"date":"2026-05-05T12:54:21","date_gmt":"2026-05-05T12:54:21","guid":{"rendered":"https:\/\/www.europesays.com\/de\/996267\/"},"modified":"2026-05-05T12:54:21","modified_gmt":"2026-05-05T12:54:21","slug":"wetter-in-stuttgart-der-april-war-viel-zu-trocken","status":"publish","type":"post","link":"https:\/\/www.europesays.com\/de\/996267\/","title":{"rendered":"Wetter in Stuttgart: Der April war viel zu trocken"},"content":{"rendered":"<p>Der Wachstumsmonat April geizt mit Regen. Daf\u00fcr wirft sich die Sonne ins Zeug und scheint knapp 250 Stunden. Wie schaut es an den Eisheiligen aus?<\/p>\n<p><a href=\"https:\/\/www.stuttgarter-nachrichten.de\/thema\/April\" title=\"April\" class=\"art_thema\" rel=\"nofollow noopener\" target=\"_blank\">April<\/a> 2026: Ein Traktor zerrt eine Egge \u00fcber einen braunen Acker am Stadtrand von <a href=\"https:\/\/www.stuttgarter-nachrichten.de\/thema\/Stuttgart\" title=\"Stuttgart\" class=\"art_thema\" rel=\"nofollow noopener\" target=\"_blank\">Stuttgart<\/a> und zieht dabei eine Schleppe aus Staub hinter sich her, die der Wind gr\u00f6\u00dftm\u00f6glich verteilt und weitertreibt. Auf den oft schon fr\u00fchlingsfrisch gereinigten Fenstern legt sich zu dem Ackerstaub zudem in der ganzen Stadt ein Film aus Bl\u00fcten- und Saharastaub. Auf den Stra\u00dfen rollen gepuderte Autos in der glei\u00dfenden Fr\u00fchjahrssonne. Von Pollen geplagte Menschen tragen Masken und blicken flehentlich in den oft blauen Himmel. <\/p>\n<p>Ach w\u00e4re das sch\u00f6n, <a href=\"https:\/\/www.stuttgarter-nachrichten.de\/inhalt.trockenheit-in-stuttgart-waldbrandgefahr-erreicht-zweithoechste-warnstufe-was-bedeutet-das-fuer-1-mai.d2bfa202-a1ef-47e1-bac0-bd0b314cbd0e.html\" target=\"_blank\" rel=\"nofollow noopener\">wenn es endlich mal wieder ordentlich regnen <\/a>und Staub und Pollen so richtig aus der Luft gewaschen werden w\u00fcrden. Klar w\u00e4re so ein richtiger Guss ein Segen f\u00fcr Allergiker und nat\u00fcrlich auch f\u00fcr die Natur gewesen. Stabile Hochs namens Peter, Quirin, Stefan, Tilman, Uli und Winfried (passend zur Verabschiedung von Winfried Kretschmann an Ende des Monats) hatten da aber etwas dagegen. <\/p>\n<p>Platz sechs im Trockenranking seit Beginn der DWD-Aufzeichnungen 1951 <\/p>\n<p>\u201eEs war in der Tat sehr trocken in der Stadt\u201c, sagt Andreas Pfaffenzeller, Meteorologe beim Deutschen Wetterdienst (DWD) in Stuttgart. \u201eAn der Messstation Schnarrenberg wurde gerade mal 15,4 Liter <a href=\"https:\/\/www.stuttgarter-nachrichten.de\/thema\/Niederschlag\" title=\"Niederschlag\" class=\"art_thema\" rel=\"nofollow noopener\" target=\"_blank\">Niederschlag<\/a> im gesamten Monat gemessen.\u201c Das sind wirklich nur ein paar mickrige Tropfen f\u00fcr einen Wachstumsmonat. <\/p>\n<p>In Zahlen bedeutet das nur 40,5 Prozent der knapp 54 Liter, die man in einem durchschnittlichen April erwarten darf. Der zweite Fr\u00fchlingsmonat schafft es damit auf Platz sechs im Trockenranking seit Beginn der DWD-Aufzeichnungen 1951. Und nachdem auch der M\u00e4rz schon zu trocken war, ist der \u00dcberschuss an <a href=\"https:\/\/www.stuttgarter-nachrichten.de\/thema\/Regen\" title=\"Regen\" class=\"art_thema\" rel=\"nofollow noopener\" target=\"_blank\">Regen<\/a> vom Februar mehr als aufgebraucht. <\/p>\n<blockquote class=\"zitat\">\n<p>\u201eEs war in der Tat sehr trocken in der Stadt.\u201c<\/p>\n<p>   Andreas Pfaffenzeller, Meteorologe beim Deutschen Wetterdienst (DWD) <\/p><\/blockquote>\n<p>Dass trotzdem au\u00dfer bei Landwirten und Hobbyg\u00e4rtnern ohne Wasseranschluss oder Brunnen am St\u00fcckle keine schlechte Laune aufkam, lag am strahlenden Sonnenschein. Vor allem am Monatsende jubelten Photovoltaiker und passionierte Sonnenbader \u00fcber den tiefblauen Himmel und Sonne satt. Bei der Er\u00f6ffnung des M\u00f6hringer Freibads am letzten Samstag im April warfen sich denn auch etliche Badefans nach dem Schwimmen auf die Wiese. Volle Breitseite in praller Sonne und das oft ohne Creme mit Lichtschutzfaktor, da man so die im Winter schw\u00e4chelnde Vitamin-D-Produktion ankurbeln wollte. Da aber aus den empfohlenen 15 Minuten oft Stunden wurden, gab es so manchen Sonnenschaden, der in einigen Jahren Dermatologen besch\u00e4ftigen k\u00f6nnte. Aber gut, der Himmel war Ende des Monats derart aufger\u00e4umt, die Luft so trocken, dass man abends bei der Pflege des Sonnenbrandes auf der Terrasse bei dem hell strahlenden Vollmond fast ohne Lampe lesen konnte. \u201eDie Sonne schien im April knapp 248 Stunden, das entspricht etwa 133 Prozent des vielj\u00e4hrigen Mittels\u201c, bilanziert Meteorologe Pfaffenzeller. <\/p>\n<p>Der April macht ja bekanntlich was er will. Bei der Temperatur blieben die ber\u00fcchtigten Extremschwankungen zwischen Hitze und Graupelschauern aber weitgehend aus. Es war man mal ein bisschen k\u00fchler und mal etwas w\u00e4rmer als der langj\u00e4hrige Schnitt von 10,7 Grad aber ohne die ganz gro\u00dfen Ausschl\u00e4ge. <\/p>\n<p>Obwohl es abends und nachts oft empfindlich k\u00fchl war, wurde nur am 2. April mit minus 0,2 Grad leichter Frost am Schnarrenberg gemessen. Hitzerekorde gab es allerdings auch nicht. Nat\u00fcrlich war der Monat mit 11,5 Grad im Schnitt 0,8 Grad zu warm, aber das ist in Zeiten des ungebrochenen Klimawandels mittlerweile normal. Wie sich das Klima ver\u00e4ndert hat sieht man im Vergleich zur Periode 1991 bis 1990. Da war ein durchschnittlicher April 2,6 Grad k\u00fchler als der aktuell und es gab mindestens an drei Tagen Minustemperaturen. <\/p>\n<blockquote class=\"zitat\">\n<p>15,4 Liter Niederschlag wurden an der Messstation Schnarrenberg f\u00fcr den Monat April gemessen. <\/p>\n<\/blockquote>\n<p> Frost ist im \u00dcbrigen auch<a href=\"https:\/\/www.stuttgarter-nachrichten.de\/inhalt.eisheilige-prognose-2025-mhsd.37a5b622-b5d9-4d3a-85bf-ac120cbe9b30.html\" target=\"_blank\" rel=\"nofollow noopener\"> f\u00fcr die Eisheiligen <\/a>zwischen dem 11. und 15. Mai nicht in Sicht. Viel Regen, der die <a href=\"https:\/\/www.stuttgarter-nachrichten.de\/thema\/Trockenheit\" title=\"Trockenheit\" class=\"art_thema\" rel=\"nofollow noopener\" target=\"_blank\">Trockenheit<\/a> ausgleichen k\u00f6nnte, auch nicht. Es wird wohl im letzten Fr\u00fchlingsmonat mehr Regen geben als im April und wohl auch wie im M\u00e4rz. Richtig ergiebige Niederschl\u00e4ge sind allerdings zumindest bis Mitte des Monats nicht zu erwarten. Aber danach w\u00e4re ja noch genug Zeit das Grundwasser ein wenig zu pflegen und entspannt auf den Sommer zu warten.<\/p>\n<p> Seri\u00f6se Prognosen f\u00fcr die zweite H\u00e4lfte des Mais gibt es freilich noch nicht. Aber eine Bauernregel, die N\u00e4sse verspricht: \u201eIst der April zu sch\u00f6n, kann im Mai der Schnee noch gehn.\u201c Na dann. <\/p>\n","protected":false},"excerpt":{"rendered":"Der Wachstumsmonat April geizt mit Regen. Daf\u00fcr wirft sich die Sonne ins Zeug und scheint knapp 250 Stunden.&hellip;\n","protected":false},"author":2,"featured_media":996268,"comment_status":"","ping_status":"","sticky":false,"template":"","format":"standard","meta":{"footnotes":"","_share_on_mastodon":"0"},"categories":[1830],"tags":[2175,1634,3364,29,30,41075,10328,1441,6404,1973],"class_list":["post-996267","post","type-post","status-publish","format-standard","has-post-thumbnail","category-stuttgart","tag-april","tag-baden-wuerttemberg","tag-de","tag-deutschland","tag-germany","tag-niederschlag","tag-regen","tag-stuttgart","tag-trockenheit","tag-wetter"],"share_on_mastodon":{"url":"https:\/\/pubeurope.com\/@de\/116522075430723361","error":""},"_links":{"self":[{"href":"https:\/\/www.europesays.com\/de\/wp-json\/wp\/v2\/posts\/996267","targetHints":{"allow":["GET"]}}],"collection":[{"href":"https:\/\/www.europesays.com\/de\/wp-json\/wp\/v2\/posts"}],"about":[{"href":"https:\/\/www.europesays.com\/de\/wp-json\/wp\/v2\/types\/post"}],"author":[{"embeddable":true,"href":"https:\/\/www.europesays.com\/de\/wp-json\/wp\/v2\/users\/2"}],"replies":[{"embeddable":true,"href":"https:\/\/www.europesays.com\/de\/wp-json\/wp\/v2\/comments?post=996267"}],"version-history":[{"count":0,"href":"https:\/\/www.europesays.com\/de\/wp-json\/wp\/v2\/posts\/996267\/revisions"}],"wp:featuredmedia":[{"embeddable":true,"href":"https:\/\/www.europesays.com\/de\/wp-json\/wp\/v2\/media\/996268"}],"wp:attachment":[{"href":"https:\/\/www.europesays.com\/de\/wp-json\/wp\/v2\/media?parent=996267"}],"wp:term":[{"taxonomy":"category","embeddable":true,"href":"https:\/\/www.europesays.com\/de\/wp-json\/wp\/v2\/categories?post=996267"},{"taxonomy":"post_tag","embeddable":true,"href":"https:\/\/www.europesays.com\/de\/wp-json\/wp\/v2\/tags?post=996267"}],"curies":[{"name":"wp","href":"https:\/\/api.w.org\/{rel}","templated":true}]}}