{"id":996343,"date":"2026-05-05T13:39:37","date_gmt":"2026-05-05T13:39:37","guid":{"rendered":"https:\/\/www.europesays.com\/de\/996343\/"},"modified":"2026-05-05T13:39:37","modified_gmt":"2026-05-05T13:39:37","slug":"gesperrte-eisenbahnbruecke-rb67-so-geht-es-dennoch-nach-muenster","status":"publish","type":"post","link":"https:\/\/www.europesays.com\/de\/996343\/","title":{"rendered":"Gesperrte Eisenbahnbr\u00fccke RB67: So geht es dennoch nach M\u00fcnster"},"content":{"rendered":"<p>2027 wird die Bahnstrecke Telgte\u2013M\u00fcnster wegen Br\u00fcckenarbeiten gesperrt. Mehrere Buslinien ab Warendorf bieten Alternativen.<\/p>\n<p>Warendorf (dan) &#8211; Bei Schienenersatzverkehr handelt es sich um ein Wort, das Zugreisende in der Regel nicht gern h\u00f6ren. Dass es in der Welt der Verkehrsunternehmen daf\u00fcr sogar ein K\u00fcrzel \u2013 SEV \u2013 gibt, macht die Sache nicht besser, d\u00fcrfte aber ein Hinweis darauf sein, dass Schienenersatzverkehr ein\u2026<\/p>\n<p>            <img decoding=\"async\" src=\"https:\/\/www.die-glocke.de\/typo3conf\/ext\/bo_dieglocke_template\/Resources\/Public\/Images\/logo\/glocke_plus_icon.svg\" class=\"pwTopImage\" alt=\"Glocke Plus\"\/><\/p>\n<p>                Jetzt weiterlesen mit G+<\/p>\n<p class=\"card-text equal-height text-center\" data-equalheightgroup=\"1\">\n                0,99 \u20ac im 1. Monat \u2013 monatlich k\u00fcndbar\n            <\/p>\n<tr>\n<tr>\n<td class=\"w-25px p-1\">\n<\/td>\n<td class=\"p-1\">\n                                            alle Artikel auf www.die-glocke.de freischalten&#13;<\/p>\n<\/td>\n<\/tr>\n<tr>\n<td class=\"w-25px p-1\">\n<\/td>\n<td class=\"p-1\">\n                                            f\u00fcr 0,99 \u20ac im ersten Monat testen (danach 7,90 \u20ac mtl.)&#13;<\/p>\n<\/td>\n<\/tr>\n<tr>\n<td class=\"w-25px p-1\">\n<\/td>\n<td class=\"p-1\">\n                                            monatlich k\u00fcndbar<\/p>\n<\/td>\n<\/tr>\n<\/tr>\n<p>\n                    0,99 \u20ac im 1. Monat\n                <\/p>\n<p>                        <a class=\"paywall_order_btn-668975\" href=\"https:\/\/www.die-glocke.de\/abo\/abo-shop\/digital\/digital-plus\/g-plus-monatsabo?upscore_object_id=14b3210c-9495-4f26-a61e-7a9af90cbd56-Portal&amp;upscore_offer_id=&amp;upscore_click_id=&amp;upscore_object_url=https%3A%2F%2Fwww.die-glocke.de%2Fkreis-warendorf%2Fwarendorf%2Fartikel%2Fgesperrte-eisenbahnbruecke-rb67-so-geht-es-dennoch-nach-muenster-1777985415\" rel=\"nofollow noopener\" target=\"_blank\"><\/p>\n<p>                                Jetzt testen<\/p>\n<p>                        <\/a><\/p>\n<tr>\n<tr>\n<td class=\"w-25px p-1\">\n<\/td>\n<td class=\"p-1\">\n                                            alle Artikel auf www.die-glocke.de freischalten &#13;<\/p>\n<\/td>\n<\/tr>\n<tr>\n<td class=\"w-25px p-1\">\n<\/td>\n<td class=\"p-1\">\n                                            nur 79 \u20ac \u2013 Sie sparen 15,80 \u20ac (ab dem 13. Monat 7,90 \u20ac mtl.)&#13;<\/p>\n<\/td>\n<\/tr>\n<tr>\n<td class=\"w-25px p-1\">\n<\/td>\n<td class=\"p-1\">\n                                            12 Monate<\/p>\n<\/td>\n<\/tr>\n<\/tr>\n<p>\n                    79 \u20ac f\u00fcr 12 Monate\n                <\/p>\n<p>                        <a class=\"paywall_order_btn-668975\" href=\"https:\/\/www.die-glocke.de\/abo\/abo-shop\/digital\/digital-plus\/g-plus-jahresabo?upscore_object_id=14b3210c-9495-4f26-a61e-7a9af90cbd56-Portal&amp;upscore_offer_id=&amp;upscore_click_id=&amp;upscore_object_url=https%3A%2F%2Fwww.die-glocke.de%2Fkreis-warendorf%2Fwarendorf%2Fartikel%2Fgesperrte-eisenbahnbruecke-rb67-so-geht-es-dennoch-nach-muenster-1777985415\" rel=\"nofollow noopener\" target=\"_blank\"><\/p>\n<p>                                Jetzt bestellen<\/p>\n<p>                        <\/a><\/p>\n<p>                        Bereits G+ Abonnent? Hier anmelden<\/p>\n<p>Texte und Fotos von die-glocke.de sind urheberrechtlich gesch\u00fctzt.<br \/>\n            Weiterverwendung nur mit Genehmigung der Chefredaktion.<\/p>\n","protected":false},"excerpt":{"rendered":"2027 wird die Bahnstrecke Telgte\u2013M\u00fcnster wegen Br\u00fcckenarbeiten gesperrt. Mehrere Buslinien ab Warendorf bieten Alternativen. Warendorf (dan) &#8211; Bei&hellip;\n","protected":false},"author":2,"featured_media":996344,"comment_status":"","ping_status":"","sticky":false,"template":"","format":"standard","meta":{"footnotes":"","_share_on_mastodon":"0"},"categories":[1843],"tags":[16413,4489,3364,29,19365,30,29382,8970,1209,4125,213693,100279],"class_list":["post-996343","post","type-post","status-publish","format-standard","has-post-thumbnail","category-muenster","tag-bahnsperrung","tag-brueckenneubau","tag-de","tag-deutschland","tag-dortmund-ems-kanal","tag-germany","tag-linienbusse","tag-muenster","tag-nordrhein-westfalen","tag-pendler","tag-rb67","tag-warendorf"],"share_on_mastodon":{"url":"https:\/\/pubeurope.com\/@de\/116522252568787743","error":""},"_links":{"self":[{"href":"https:\/\/www.europesays.com\/de\/wp-json\/wp\/v2\/posts\/996343","targetHints":{"allow":["GET"]}}],"collection":[{"href":"https:\/\/www.europesays.com\/de\/wp-json\/wp\/v2\/posts"}],"about":[{"href":"https:\/\/www.europesays.com\/de\/wp-json\/wp\/v2\/types\/post"}],"author":[{"embeddable":true,"href":"https:\/\/www.europesays.com\/de\/wp-json\/wp\/v2\/users\/2"}],"replies":[{"embeddable":true,"href":"https:\/\/www.europesays.com\/de\/wp-json\/wp\/v2\/comments?post=996343"}],"version-history":[{"count":0,"href":"https:\/\/www.europesays.com\/de\/wp-json\/wp\/v2\/posts\/996343\/revisions"}],"wp:featuredmedia":[{"embeddable":true,"href":"https:\/\/www.europesays.com\/de\/wp-json\/wp\/v2\/media\/996344"}],"wp:attachment":[{"href":"https:\/\/www.europesays.com\/de\/wp-json\/wp\/v2\/media?parent=996343"}],"wp:term":[{"taxonomy":"category","embeddable":true,"href":"https:\/\/www.europesays.com\/de\/wp-json\/wp\/v2\/categories?post=996343"},{"taxonomy":"post_tag","embeddable":true,"href":"https:\/\/www.europesays.com\/de\/wp-json\/wp\/v2\/tags?post=996343"}],"curies":[{"name":"wp","href":"https:\/\/api.w.org\/{rel}","templated":true}]}}