{"id":996370,"date":"2026-05-05T13:54:22","date_gmt":"2026-05-05T13:54:22","guid":{"rendered":"https:\/\/www.europesays.com\/de\/996370\/"},"modified":"2026-05-05T13:54:22","modified_gmt":"2026-05-05T13:54:22","slug":"zum-ersten-mal-seit-zwei-jahren-putins-armee-verliert-offenbar-gebiet-in-der-ukraine","status":"publish","type":"post","link":"https:\/\/www.europesays.com\/de\/996370\/","title":{"rendered":"Zum ersten Mal seit zwei Jahren: Putins Armee verliert offenbar Gebiet in der Ukraine"},"content":{"rendered":"<p class=\"tspBMlw tspBMlx\">Ukrainische Drohnen schlagen dieser Tage zahlreich in russischen \u00d6l- und Milit\u00e4rfabriken ein. In der Nacht zum Montag traf es auch ein Wohnhochhaus in Moskau, nur wenige Kilometer vom Kreml entfernt. Dort soll am 9. Mai die traditionelle Parade zum Tag des Sieges stattfinden, allerdings erstmalig seit 2007 ohne Panzer und Raketentechnik. Der russische Machthaber Wladimir Putin hat offensichtlich Angst um seine Waffen. <\/p>\n<p class=\"tspBMlw\">Daneben gibt es einen weiteren Grund zur Sorge f\u00fcr den Kreml-Herrscher: die Lage auf den Schlachtfeldern der \u00fcberfallenen Ukraine.<\/p>\n<p class=\"tspBMlw\">Das US-Institut f\u00fcr Kriegsstudien (ISW) berichtet <a href=\"https:\/\/understandingwar.org\/research\/russia-ukraine\/russian-offensive-campaign-assessment-may-2-2026\/\" target=\"_blank\" rel=\"noopener nofollow\" class=\"link link--external\" data-gtm-class=\"article-text-link\" data-gtm-val=\"external\" aria-describedby=\"message-target-blank\">in einem aktuellen Lagebericht<\/a> von einem Nettoverlust der Russen im April 2026. Das bedeutet: Wenn man die R\u00fcckeroberungen der ukrainischen Armee einerseits und die Eroberungen der russischen Armee andererseits ber\u00fccksichtigt, stehe unter dem Strich <strong>ein Verlust von 116 Quadratkilometern<\/strong>. Damit h\u00e4tten die Invasoren zum ersten Mal seit August 2024 Territorium verloren; damals gelang den Ukrainern ein \u00fcberraschender Vorsto\u00df nach Kursk in Russland.<\/p>\n<p class=\"tspBMlw\">Doch nicht erst im April lief es f\u00fcr die russische Armee schlecht. Aus den ISW-Zahlen geht hervor, dass die Netto-Eroberungen der russischen Armee f\u00fcnf Monate in Folge gesunken sind, angefangen von ungef\u00e4hr 576 Quadratkilometern im November 2025. <strong>Die m\u00f6glichen Gr\u00fcnde liegen sowohl bei den Ukrainern, als auch bei den Russen:<\/strong><\/p>\n<ul data-qa-hook=\"story-list-ul\" class=\"tspC4q4\">\n<li class=\"tspC4gx tspC4gx\"><strong>Erfolgreiche ukrainische Luftangriffe direkt hinter der Front:<\/strong> Getroffen werden zum Beispiel Depots, Kommandoposten und Luftverteidigung.<\/li>\n<li class=\"tspC4gx tspC4gx\"><strong>Ukrainische Abfangdrohnen zerst\u00f6ren russische Aufkl\u00e4rungsdrohnen:<\/strong> Damit wird es f\u00fcr die Russen schwieriger, den ukrainischen Nachschub anzugreifen, sagte Milit\u00e4rexperte Gustav Gressel dem Tagesspiegel.<\/li>\n<li class=\"tspC4gx tspC4gx\"><strong>Russische Probleme mit der Kommunikation<\/strong>: Seit Februar haben russische Soldaten auf Initiative der Ukrainer hin keinen Zugang mehr zum Satelliteninternet Starlink. Zudem erschwert Russland seinen B\u00fcrgern die Nutzung des Messengers Telegram, der auch zur milit\u00e4rischen Kommunikation verwendet wurde.<\/li>\n<li class=\"tspC4gx tspC4gx\"><strong>Das Wetter:<\/strong> In der sogenannten \u201eSchlammperiode\u201c im M\u00e4rz und April kommt schweres Ger\u00e4t auf den tauenden B\u00f6den und beim Fr\u00fchjahrsregen schlechter voran, wobei dem ISW dieses Jahr weniger Indizien f\u00fcr einen Wettereffekt vorliegen.<\/li>\n<\/ul>\n<p class=\"tspBMlw\">Auch im Jahresvergleich zu 2024\/2025 hat sich der russische Vormarsch laut ISW verlangsamt. Bei der Interpretation der Daten sei allerdings Vorsicht geboten, merken die Experten an.<\/p>\n<p> Das Problem mit der Infiltration <\/p>\n<p class=\"tspBMlw\">Denn in der Zwischenzeit habe sich die russische Taktik ver\u00e4ndert. Seit Herbst 2025 setze die Armee vermehrt auf Infiltration: Einzelne Soldaten durchbrechen zun\u00e4chst unbemerkt die ukrainische Verteidigung, anstatt in gr\u00f6\u00dferer Zahl ein Gebiet zu besetzen. Die infiltrierenden Soldaten k\u00f6nnen ein Gebiet jedoch nicht so kontrollieren, wie es eine gr\u00f6\u00dfere Gruppe k\u00f6nnte. <\/p>\n<p class=\"tspBMlw\">Der Kreml nutze die Infiltration f\u00fcr seine Propaganda, so das ISW. Vereinfacht erkl\u00e4rt: Zwei russische Soldaten schaffen es zeitweise bis zu einem Marktplatz, aber in der russischen Darstellung wird trotzdem das gesamte Dorf als erobert deklariert. Ausgehend davon weckt die russische Politik danach den Eindruck, dass die Ukraine den Krieg verliert. <\/p>\n<p class=\"tspBMlw\">Der eingangs genannte Nettoverlust der Russen klammert Infiltrationen aus. Doch selbst bei Einberechnung des infiltrierten Gebiets seien die russischen Eroberungen seit November 2025 r\u00fcckl\u00e4ufig. Sie l\u00e4gen au\u00dferdem\u00a0unter den Werten des Vorjahreszeitraums (November 2024 bis April 2025).<\/p>\n<p>Lesen Sie au\u00dferdem<a href=\"https:\/\/www.tagesspiegel.de\/internationales\/die-lage-im-uberblick-kiew-uberrascht-moskau-mit-eigenem-vorstoss-zu-waffenruhe-15555368.html?icid=topic-list_15558115___\" data-gtm-class=\"article-mzt-link\" data-hydrate-fingerprint=\"09740a54944caac75fd2c0c63fd5c5df\" data-hydrate-props=\"{&amp;escapedquot;element&amp;escapedquot;:{&amp;escapedquot;type&amp;escapedquot;:&amp;escapedquot;relatedContent&amp;escapedquot;,&amp;escapedquot;fieldMap&amp;escapedquot;:{},&amp;escapedquot;relation&amp;escapedquot;:{&amp;escapedquot;fields&amp;escapedquot;:{&amp;escapedquot;isPaid&amp;escapedquot;:null},&amp;escapedquot;href&amp;escapedquot;:&amp;escapedquot;\/internationales\/die-lage-im-uberblick-kiew-uberrascht-moskau-mit-eigenem-vorstoss-zu-waffenruhe-15555368.html&amp;escapedquot;,&amp;escapedquot;teaserTitle&amp;escapedquot;:{&amp;escapedquot;kicker&amp;escapedquot;:&amp;escapedquot;Die Lage im \u00dcberblick&amp;escapedquot;,&amp;escapedquot;headline&amp;escapedquot;:&amp;escapedquot;Kiew \u00fcberrascht Moskau mit eigenem Vorsto\u00df zu Waffenruhe&amp;escapedquot;},&amp;escapedquot;id&amp;escapedquot;:&amp;escapedquot;15555368&amp;escapedquot;,&amp;escapedquot;type&amp;escapedquot;:&amp;escapedquot;story&amp;escapedquot;},&amp;escapedquot;isPartOfList&amp;escapedquot;:true,&amp;escapedquot;topicListType&amp;escapedquot;:&amp;escapedquot;topic-list&amp;escapedquot;},&amp;escapedquot;showArrow&amp;escapedquot;:true}\" data-hydrate-slots=\"{&#039;default&#039;:[]}\" class=\"tspB9nt tspCBn0\" rel=\"nofollow noopener\" target=\"_blank\">Die Lage im \u00dcberblick Kiew \u00fcberrascht Moskau mit eigenem Vorsto\u00df zu Waffenruhe <\/a><a href=\"https:\/\/www.tagesspiegel.de\/politik\/cdu-spitzenpolitiker-belegen-letzte-platze-spahn-ist-laut-umfrage-der-unbeliebteste-politiker-deutschlands-15557207.html?icid=topic-list_15558115___\" data-gtm-class=\"article-mzt-link\" data-hydrate-fingerprint=\"09740a54944caac75fd2c0c63fd5c5df\" data-hydrate-props=\"{&amp;escapedquot;element&amp;escapedquot;:{&amp;escapedquot;type&amp;escapedquot;:&amp;escapedquot;relatedContent&amp;escapedquot;,&amp;escapedquot;fieldMap&amp;escapedquot;:{},&amp;escapedquot;relation&amp;escapedquot;:{&amp;escapedquot;fields&amp;escapedquot;:{&amp;escapedquot;isPaid&amp;escapedquot;:null},&amp;escapedquot;href&amp;escapedquot;:&amp;escapedquot;\/politik\/cdu-spitzenpolitiker-belegen-letzte-platze-spahn-ist-laut-umfrage-der-unbeliebteste-politiker-deutschlands-15557207.html&amp;escapedquot;,&amp;escapedquot;teaserTitle&amp;escapedquot;:{&amp;escapedquot;kicker&amp;escapedquot;:&amp;escapedquot;CDU-Spitzenpolitiker belegen letzte Pl\u00e4tze&amp;escapedquot;,&amp;escapedquot;headline&amp;escapedquot;:&amp;escapedquot;Spahn ist laut Umfrage der unbeliebteste Politiker Deutschlands &amp;escapedquot;},&amp;escapedquot;id&amp;escapedquot;:&amp;escapedquot;15557207&amp;escapedquot;,&amp;escapedquot;type&amp;escapedquot;:&amp;escapedquot;story&amp;escapedquot;},&amp;escapedquot;isPartOfList&amp;escapedquot;:true,&amp;escapedquot;topicListType&amp;escapedquot;:&amp;escapedquot;topic-list&amp;escapedquot;},&amp;escapedquot;showArrow&amp;escapedquot;:true}\" data-hydrate-slots=\"{&#039;default&#039;:[]}\" class=\"tspB9nt tspCBn0\" rel=\"nofollow noopener\" target=\"_blank\">CDU-Spitzenpolitiker belegen letzte Pl\u00e4tze Spahn ist laut Umfrage der unbeliebteste Politiker Deutschlands  <\/a><a href=\"https:\/\/www.tagesspiegel.de\/gesellschaft\/timmy-mit-hoher-wahrscheinlichkeit-tot-experten-raumen-buckelwal-keine-uberlebenschancen-mehr-ein-15530507.html?icid=topic-list_15558115___\" data-gtm-class=\"article-mzt-link\" data-hydrate-fingerprint=\"09740a54944caac75fd2c0c63fd5c5df\" data-hydrate-props=\"{&amp;escapedquot;element&amp;escapedquot;:{&amp;escapedquot;type&amp;escapedquot;:&amp;escapedquot;relatedContent&amp;escapedquot;,&amp;escapedquot;fieldMap&amp;escapedquot;:{},&amp;escapedquot;relation&amp;escapedquot;:{&amp;escapedquot;fields&amp;escapedquot;:{&amp;escapedquot;isPaid&amp;escapedquot;:null},&amp;escapedquot;href&amp;escapedquot;:&amp;escapedquot;\/gesellschaft\/timmy-mit-hoher-wahrscheinlichkeit-tot-experten-raumen-buckelwal-keine-uberlebenschancen-mehr-ein-15530507.html&amp;escapedquot;,&amp;escapedquot;teaserTitle&amp;escapedquot;:{&amp;escapedquot;kicker&amp;escapedquot;:&amp;escapedquot;Timmy \u201emit hoher Wahrscheinlichkeit\u201c tot&amp;escapedquot;,&amp;escapedquot;headline&amp;escapedquot;:&amp;escapedquot;Experten r\u00e4umen Buckelwal keine \u00dcberlebenschancen mehr ein&amp;escapedquot;},&amp;escapedquot;id&amp;escapedquot;:&amp;escapedquot;15530507&amp;escapedquot;,&amp;escapedquot;type&amp;escapedquot;:&amp;escapedquot;story&amp;escapedquot;},&amp;escapedquot;isPartOfList&amp;escapedquot;:true,&amp;escapedquot;topicListType&amp;escapedquot;:&amp;escapedquot;topic-list&amp;escapedquot;},&amp;escapedquot;showArrow&amp;escapedquot;:true}\" data-hydrate-slots=\"{&#039;default&#039;:[]}\" class=\"tspB9nt tspCBn0\" rel=\"nofollow noopener\" target=\"_blank\">Timmy \u201emit hoher Wahrscheinlichkeit\u201c tot Experten r\u00e4umen Buckelwal keine \u00dcberlebenschancen mehr ein <\/a><\/p>\n<p class=\"tspBMlw\">Insgesamt h\u00e4lt Russland den ISW-Daten zufolge nur etwas mehr als 19 Prozent des ukrainischen Staatsgebiets besetzt, obwohl die Invasion schon mehr als vier Jahre zur\u00fcckliegt und der Beginn der Okkupation noch viel l\u00e4nger. Denn unter den 19 Prozent sind die bereits 2014 annektierte Halbinsel Krim und Gegenden in den Regionen Donezk und Luhansk, die schon vor der Vollinvasion im Jahr 2022 von prorussischen Separatisten kontrolliert worden waren. Den Gro\u00dfteil des restlichen Gebiets hatte Russland in den ersten Wochen nach Beginn des Kriegs im Februar 2022 erobert. (mit dpa\/AFP)<\/p>\n","protected":false},"excerpt":{"rendered":"Ukrainische Drohnen schlagen dieser Tage zahlreich in russischen \u00d6l- und Milit\u00e4rfabriken ein. In der Nacht zum Montag traf&hellip;\n","protected":false},"author":2,"featured_media":996371,"comment_status":"","ping_status":"","sticky":false,"template":"","format":"standard","meta":{"footnotes":"","_share_on_mastodon":"0"},"categories":[5],"tags":[331,332,3364,29,30,13,1435,6376,14,15,307,12,317,306],"class_list":["post-996370","post","type-post","status-publish","format-standard","has-post-thumbnail","category-nachrichten","tag-aktuelle-nachrichten","tag-aktuelle-news","tag-de","tag-deutschland","tag-germany","tag-headlines","tag-krieg-in-der-ukraine","tag-kursk","tag-nachrichten","tag-news","tag-russland","tag-schlagzeilen","tag-ukraine","tag-wladimir-putin"],"share_on_mastodon":{"url":"https:\/\/pubeurope.com\/@de\/116522311154776047","error":""},"_links":{"self":[{"href":"https:\/\/www.europesays.com\/de\/wp-json\/wp\/v2\/posts\/996370","targetHints":{"allow":["GET"]}}],"collection":[{"href":"https:\/\/www.europesays.com\/de\/wp-json\/wp\/v2\/posts"}],"about":[{"href":"https:\/\/www.europesays.com\/de\/wp-json\/wp\/v2\/types\/post"}],"author":[{"embeddable":true,"href":"https:\/\/www.europesays.com\/de\/wp-json\/wp\/v2\/users\/2"}],"replies":[{"embeddable":true,"href":"https:\/\/www.europesays.com\/de\/wp-json\/wp\/v2\/comments?post=996370"}],"version-history":[{"count":0,"href":"https:\/\/www.europesays.com\/de\/wp-json\/wp\/v2\/posts\/996370\/revisions"}],"wp:featuredmedia":[{"embeddable":true,"href":"https:\/\/www.europesays.com\/de\/wp-json\/wp\/v2\/media\/996371"}],"wp:attachment":[{"href":"https:\/\/www.europesays.com\/de\/wp-json\/wp\/v2\/media?parent=996370"}],"wp:term":[{"taxonomy":"category","embeddable":true,"href":"https:\/\/www.europesays.com\/de\/wp-json\/wp\/v2\/categories?post=996370"},{"taxonomy":"post_tag","embeddable":true,"href":"https:\/\/www.europesays.com\/de\/wp-json\/wp\/v2\/tags?post=996370"}],"curies":[{"name":"wp","href":"https:\/\/api.w.org\/{rel}","templated":true}]}}