{"id":996546,"date":"2026-05-05T15:34:20","date_gmt":"2026-05-05T15:34:20","guid":{"rendered":"https:\/\/www.europesays.com\/de\/996546\/"},"modified":"2026-05-05T15:34:20","modified_gmt":"2026-05-05T15:34:20","slug":"zukunft-der-wochenmaerkte-brackel-spricht-sich-fuer-soziale-staffelung-aus","status":"publish","type":"post","link":"https:\/\/www.europesays.com\/de\/996546\/","title":{"rendered":"Zukunft der Wochenm\u00e4rkte: Brackel spricht sich f\u00fcr soziale Staffelung aus"},"content":{"rendered":"<p>\t\tZukunft der Wochenm\u00e4rkte<br \/>\n\t\t\t\t\tBrackel spricht sich f\u00fcr soziale Staffelung aus<\/p>\n<p>\t\t<img alt=\"\" src=\"https:\/\/www.europesays.com\/de\/wp-content\/uploads\/2025\/05\/630_0036_48786_.jpg\"  class=\"avatar avatar-36 photo avatar-default\" height=\"36\" width=\"36\" loading=\"eager\" decoding=\"async\"\/>\t\t<a class=\"article-author__name\" href=\"https:\/\/www.ruhrnachrichten.de\/author\/andreas-schroeter\/\" rel=\"author nofollow noopener\" target=\"_blank\">Andreas Schr\u00f6ter<\/a><br \/>\n\t\tRedakteur<\/p>\n<p>    <a href=\"https:\/\/www.ruhrnachrichten.de\/wp-content\/uploads\/2026\/05\/04\/15\/630_0900_6156883_-1648x824.jpg\" rel=\"nofollow noopener\" target=\"_blank\"><\/p>\n<p>            <img loading=\"lazy\" decoding=\"async\" src=\"https:\/\/www.europesays.com\/de\/wp-content\/uploads\/2026\/05\/630_0900_6156882_-640x428.jpg\" width=\"640\" height=\"428\"  alt=\"Der Brackeler Wochenmarkt befindet sich donnerstags auf dem Marktplatz zwischen Hellweg und Oberdorfstra\u00dfe.\"\/><\/p>\n<p>    <\/a><br \/>\n    Der Brackeler Wochenmarkt befindet sich donnerstags auf dem Marktplatz zwischen Hellweg und Oberdorfstra\u00dfe. \u00a9 Andreas Schr\u00f6ter (A)<\/p>\n<p class=\"article__teaser-text\">Die Stadt plant neue Marktgeb\u00fchren. In Brackel setzt die SPD auf eine Staffelung, um kleine H\u00e4ndler und Wochenm\u00e4rkte zu entlasten.<\/p>\n<p>1 Min Lesezeit<\/p>\n","protected":false},"excerpt":{"rendered":"Zukunft der Wochenm\u00e4rkte Brackel spricht sich f\u00fcr soziale Staffelung aus Andreas Schr\u00f6ter Redakteur Der Brackeler Wochenmarkt befindet sich&hellip;\n","protected":false},"author":2,"featured_media":996547,"comment_status":"","ping_status":"","sticky":false,"template":"","format":"standard","meta":{"footnotes":"","_share_on_mastodon":"0"},"categories":[1833],"tags":[10138,3364,29,217,30,3648,1209],"class_list":["post-996546","post","type-post","status-publish","format-standard","has-post-thumbnail","category-dortmund","tag-brackel","tag-de","tag-deutschland","tag-dortmund","tag-germany","tag-lokalpolitik","tag-nordrhein-westfalen"],"share_on_mastodon":{"url":"https:\/\/pubeurope.com\/@de\/116522704581369048","error":""},"_links":{"self":[{"href":"https:\/\/www.europesays.com\/de\/wp-json\/wp\/v2\/posts\/996546","targetHints":{"allow":["GET"]}}],"collection":[{"href":"https:\/\/www.europesays.com\/de\/wp-json\/wp\/v2\/posts"}],"about":[{"href":"https:\/\/www.europesays.com\/de\/wp-json\/wp\/v2\/types\/post"}],"author":[{"embeddable":true,"href":"https:\/\/www.europesays.com\/de\/wp-json\/wp\/v2\/users\/2"}],"replies":[{"embeddable":true,"href":"https:\/\/www.europesays.com\/de\/wp-json\/wp\/v2\/comments?post=996546"}],"version-history":[{"count":0,"href":"https:\/\/www.europesays.com\/de\/wp-json\/wp\/v2\/posts\/996546\/revisions"}],"wp:featuredmedia":[{"embeddable":true,"href":"https:\/\/www.europesays.com\/de\/wp-json\/wp\/v2\/media\/996547"}],"wp:attachment":[{"href":"https:\/\/www.europesays.com\/de\/wp-json\/wp\/v2\/media?parent=996546"}],"wp:term":[{"taxonomy":"category","embeddable":true,"href":"https:\/\/www.europesays.com\/de\/wp-json\/wp\/v2\/categories?post=996546"},{"taxonomy":"post_tag","embeddable":true,"href":"https:\/\/www.europesays.com\/de\/wp-json\/wp\/v2\/tags?post=996546"}],"curies":[{"name":"wp","href":"https:\/\/api.w.org\/{rel}","templated":true}]}}