{"id":997084,"date":"2026-05-05T20:46:30","date_gmt":"2026-05-05T20:46:30","guid":{"rendered":"https:\/\/www.europesays.com\/de\/997084\/"},"modified":"2026-05-05T20:46:30","modified_gmt":"2026-05-05T20:46:30","slug":"turbulenzen-am-klinikum-bielefeld-neue-geschaeftsfuehrerin-schon-wieder-freigestellt-regionales","status":"publish","type":"post","link":"https:\/\/www.europesays.com\/de\/997084\/","title":{"rendered":"Turbulenzen am Klinikum Bielefeld: Neue Gesch\u00e4ftsf\u00fchrerin schon wieder freigestellt | Regionales"},"content":{"rendered":"<p>Turbulenzen am Klinikum Bielefeld: Neue Gesch\u00e4ftsf\u00fchrerin schon wieder freigestellt | Regionales &#8211; Mindener Tageblatt<\/p>\n<p><a href=\"https:\/\/www.mt.de\" title=\"\" class=\"logo-mt\" rel=\"nofollow noopener\" target=\"_blank\"><br \/>\n<img decoding=\"async\" src=\"https:\/\/www.mt.de\/_em_daten\/mtrelaunch\/assets\/img\/mindener-tageblatt-logo.svg\" height=\"30\" alt=\"Mindener Tageblatt\"\/><br \/>\n<\/a><\/p>\n<p><a href=\"https:\/\/www.mt.de\/\" aria-label=\"Zur Startseite\" rel=\"nofollow noopener\" target=\"_blank\"><\/p>\n<p><\/a><\/p>\n<ol class=\"breadcrumb\" itemprop=\"breadcrumb\" itemscope=\"\" itemtype=\"https:\/\/schema.org\/BreadcrumbList\">\n<li class=\"breadcrumb-item\" itemprop=\"itemListElement\" itemscope=\"\" itemtype=\"https:\/\/schema.org\/ListItem\"><a href=\"https:\/\/www.mt.de\/\" itemprop=\"item\" aria-label=\"Zur Startseite\" rel=\"nofollow noopener\" target=\"_blank\">Startseite<\/a><\/li>\n<li class=\"breadcrumb-item\" itemprop=\"itemListElement\" itemscope=\"\" itemtype=\"https:\/\/schema.org\/ListItem\"><a href=\"https:\/\/www.mt.de\/regionales\" itemprop=\"item\" rel=\"nofollow noopener\" target=\"_blank\">Regionales<\/a><\/li>\n<li class=\"breadcrumb-item\" itemprop=\"itemListElement\" itemscope=\"\" itemtype=\"https:\/\/schema.org\/ListItem\">\nTurbulenzen am Klinikum Bielefeld: Neue Gesch\u00e4ftsf\u00fchrerin schon wieder freigestellt\n<\/li>\n<\/ol>\n","protected":false},"excerpt":{"rendered":"Turbulenzen am Klinikum Bielefeld: Neue Gesch\u00e4ftsf\u00fchrerin schon wieder freigestellt | Regionales &#8211; Mindener Tageblatt Startseite Regionales Turbulenzen am&hellip;\n","protected":false},"author":2,"featured_media":997085,"comment_status":"","ping_status":"","sticky":false,"template":"","format":"standard","meta":{"footnotes":"","_share_on_mastodon":"0"},"categories":[1841],"tags":[153838,1605,214718,98912,3364,29,30,12543,4373,215379,136405,13305,9307,1611,1609,2379,9310,2377,15354,118550,16896,164252,1613,215380,16395,1209,57504,38626],"class_list":["post-997084","post","type-post","status-publish","format-standard","has-post-thumbnail","category-bielefeld","tag-annegret-kuhn","tag-bielefeld","tag-bielefeld-mitte","tag-copertino","tag-de","tag-deutschland","tag-germany","tag-gesundheitsversorgung","tag-hals","tag-holger-sudhoff","tag-jochen-grommes","tag-klinikum","tag-label_foto","tag-label_informiere-mich","tag-label_plus-ok","tag-label_push","tag-label_social","tag-label_startseite","tag-label_stroer","tag-label_whatsapp","tag-label_xl-160","tag-meta_eo_zusammenfassung","tag-meta_userneeds_informieremich","tag-michael-ackermann","tag-neue-westflische","tag-nordrhein-westfalen","tag-turbulenz","tag-universitt-bielefeld"],"share_on_mastodon":{"url":"","error":"Validation failed: Text character limit of 500 exceeded"},"_links":{"self":[{"href":"https:\/\/www.europesays.com\/de\/wp-json\/wp\/v2\/posts\/997084","targetHints":{"allow":["GET"]}}],"collection":[{"href":"https:\/\/www.europesays.com\/de\/wp-json\/wp\/v2\/posts"}],"about":[{"href":"https:\/\/www.europesays.com\/de\/wp-json\/wp\/v2\/types\/post"}],"author":[{"embeddable":true,"href":"https:\/\/www.europesays.com\/de\/wp-json\/wp\/v2\/users\/2"}],"replies":[{"embeddable":true,"href":"https:\/\/www.europesays.com\/de\/wp-json\/wp\/v2\/comments?post=997084"}],"version-history":[{"count":0,"href":"https:\/\/www.europesays.com\/de\/wp-json\/wp\/v2\/posts\/997084\/revisions"}],"wp:featuredmedia":[{"embeddable":true,"href":"https:\/\/www.europesays.com\/de\/wp-json\/wp\/v2\/media\/997085"}],"wp:attachment":[{"href":"https:\/\/www.europesays.com\/de\/wp-json\/wp\/v2\/media?parent=997084"}],"wp:term":[{"taxonomy":"category","embeddable":true,"href":"https:\/\/www.europesays.com\/de\/wp-json\/wp\/v2\/categories?post=997084"},{"taxonomy":"post_tag","embeddable":true,"href":"https:\/\/www.europesays.com\/de\/wp-json\/wp\/v2\/tags?post=997084"}],"curies":[{"name":"wp","href":"https:\/\/api.w.org\/{rel}","templated":true}]}}