{"id":997372,"date":"2026-05-05T23:55:14","date_gmt":"2026-05-05T23:55:14","guid":{"rendered":"https:\/\/www.europesays.com\/de\/997372\/"},"modified":"2026-05-05T23:55:14","modified_gmt":"2026-05-05T23:55:14","slug":"auftakt-im-open-ground-wuppertaler-literatur-biennale-startet-am-7-mai-blickfeld","status":"publish","type":"post","link":"https:\/\/www.europesays.com\/de\/997372\/","title":{"rendered":"Auftakt im Open Ground: Wuppertaler Literatur Biennale startet am 7. Mai &#8211; blickfeld"},"content":{"rendered":"<p>Das sind die <strong>ersten Veranstaltungen<\/strong> der Wuppertaler Literatur Biennale.<\/p>\n<p>Er\u00f6ffnet wird das Literaturfest am 7. Mai im Open Ground<\/p>\n<p>Mit einem <strong>Wut-Poem der Dichterin <a href=\"https:\/\/luetfiye-guezel.tumblr.com\/\" target=\"_blank\" rel=\"noreferrer noopener nofollow\">L\u00fctfiye G\u00fczel<\/a><\/strong> und einer Performance des Ensembles des <strong><a href=\"https:\/\/www.schauspiel-wuppertal.de\/\" target=\"_blank\" rel=\"noreferrer noopener nofollow\">Schauspiels Wuppertal<\/a><\/strong> steht die <strong>Emotion Wut<\/strong> im Mittelpunkt des Abends. Gemeinsam mit <strong>Gastgeber David J. Becher<\/strong> wird ihr in verschiedenen R\u00e4umen des <strong><a href=\"https:\/\/www.openground.club\/de\/\" target=\"_blank\" rel=\"noreferrer noopener nofollow\">Club Open Ground<\/a><\/strong> nachgesp\u00fcrt \u2013 laut, k\u00f6rperlich und vielschichtig. Begleitet von treibenden Beats stimmt die Veranstaltung zugleich auf den Sound des WLB-Festivals ein.<\/p>\n<p>Navid Kermani am 8. Mai in der <a href=\"https:\/\/www.immanuelskirche.de\/\" target=\"_blank\" rel=\"noreferrer noopener nofollow\">Immanuelskirche<\/a><\/p>\n<p>In seinem <strong>Roman \u201eSommer 24\u201c<\/strong> erz\u00e4hlt <strong><a href=\"https:\/\/www.navidkermani.de\/\" target=\"_blank\" rel=\"noreferrer noopener nofollow\">Navid Kermani<\/a><\/strong> von einem Moment, in dem <strong>Weltpolitik und pers\u00f6nliches Leben<\/strong> untrennbar ineinandergreifen. W\u00e4hrend Gewissheiten br\u00f6ckeln und Konflikte n\u00e4her r\u00fccken, entsteht eine <strong>literarische Selbstbefragun<\/strong>g \u00fcber das Erz\u00e4hlen in einer ersch\u00fctterten Gegenwart. \u00dcber diese Fragen spricht Navid Kermani mit <strong>Verena Lueken<\/strong>.<\/p>\n<p>Sandra Weihs am 9. Mai in der Zentralbibliothek<\/p>\n<p><strong><a href=\"https:\/\/www.sandraweihs.at\/\" target=\"_blank\" rel=\"noreferrer noopener nofollow\">Sandra Weihs<\/a><\/strong> erz\u00e4hlt von <strong>Manfred Gruber<\/strong>, der trotz erf\u00fcllter Auflagen im <strong>System der Beh\u00f6rden<\/strong> zum <strong>H\u00e4rtefall <\/strong>wird. Ihr Text zeichnet ein eindringliches Bild von <strong>sozialem Abstieg<\/strong>, Scham und stiller Wut \u2013 und fragt, wie viel Mensch im Verwaltungsakt bleibt. \u00dcber diese Themen spricht Sandra Weihs mit <strong>Mladen Gladi\u0107<\/strong>.<\/p>\n<p>Unterst\u00fctze die CampusZeitung blickfeld<\/p>\n<p><strong>Schon ein kleiner Beitrag hilft uns, unseren Job noch besser zu machen!<\/strong> So kannst du uns unterst\u00fctzen:<\/p>\n<p>Abo per <a class=\"gofollow\" data-track=\"MTIsMCwxMA==\" href=\"https:\/\/steadyhq.com\/de\/blickfeld-wuppertal\" rel=\"noopener noreferrer nofollow\" target=\"_blank\">Steady<\/a>, <a class=\"gofollow\" data-track=\"MTIsMCwxMA==\" href=\"https:\/\/www.paypal.me\/blickfeldwtal\" rel=\"noopener noreferrer nofollow\" target=\"_blank\">Einmalzahlung<\/a> oder <a class=\"gofollow\" data-track=\"MTIsMCwxMA==\" href=\"https:\/\/www.blickfeld-wuppertal.de\/anzeigen-abo\/werbeanzeige-schalten\" rel=\"noopener noreferrer nofollow\" target=\"_blank\">Anzeige<\/a><\/p>\n<p>Damit wir unser Engagement ausbauen k\u00f6nnen, ist eure Unterst\u00fctzung gefragt &#8211; f\u00fcr mehr Recherchen und Berichte.<\/p>\n<p><strong>Ihr k\u00f6nnt uns mit einem monatlichen oder einmaligen Beitrag unterst\u00fctzen oder eine Anzeige schalten.<\/strong><\/p>\n<p><a class=\"gofollow\" data-track=\"MTIsMCwxMA==\" href=\"https:\/\/steadyhq.com\/de\/blickfeld-wuppertal\" rel=\"noopener noreferrer nofollow\" target=\"_blank\">Abo per Steady<\/a> | <a class=\"gofollow\" data-track=\"MTIsMCwxMA==\" href=\"https:\/\/www.paypal.me\/blickfeldwtal\" rel=\"noopener noreferrer nofollow\" target=\"_blank\">Einmalzahlung mit PayPal<\/a> | <a class=\"gofollow\" data-track=\"MTIsMCwxMA==\" href=\"https:\/\/www.blickfeld-wuppertal.de\/anzeigen-abo\/werbeanzeige-schalten\" rel=\"noopener noreferrer nofollow\" target=\"_blank\">Anzeige schalten<\/a><\/p>\n<p>Zur CampusZeitung blickfeld:<\/p>\n<p>Seit 2011 versorgen wir als <a class=\"gofollow\" data-track=\"MTIsMCwxMA==\" href=\"https:\/\/www.blickfeld-wuppertal.de\/ueber-uns\" rel=\"noopener noreferrer nofollow\" target=\"_blank\">unabh\u00e4ngiges Medium an der Bergischen Universit\u00e4t Wuppertal<\/a> die Studierenden, Mitarbeiter\/-innen und alle Interessierten aus dem Bergischen St\u00e4dtedreieck und dar\u00fcber hinaus mit Nachrichten vom Campus und aus dem Tal. Unsere <strong>Unabh\u00e4ngigkeit<\/strong> ist unsere st\u00e4rkste Eigenschaft. Wir sind weder eine Zeitung des Allgemeinen Studierendenausschusses (AStA) noch eine Publikation unter der Schirmherrschaft der Universit\u00e4t. Damit sind wir keinen fremden Interessen verpflichtet, k\u00f6nnen frei Themen w\u00e4hlen und dabei auch unbequem werden. <a class=\"gofollow\" data-track=\"MTIsMCwxMA==\" href=\"https:\/\/www.blickfeld-wuppertal.de\/ueber-uns\" rel=\"noopener noreferrer nofollow\" target=\"_blank\">Mehr \u00fcber uns &#8230;<\/a><\/p>\n<p>Sechs Stimmen, ein Jahrhundert: Literarische Zeitreise zum GEDOK-Jubil\u00e4um \u2013 am 9. Mai in der <a href=\"https:\/\/kunsthallebarmen.de\/\" target=\"_blank\" rel=\"noreferrer noopener nofollow\">Kunsthalle Barmen<\/a><\/p>\n<p>Von den 1920ern bis heute: Die <strong>Wuppertaler Autorinnen C. Ertmer, C. Gibiec, J. H\u00f6fel, M. Jenkner, S. Obhodjas und M. Ullmann<\/strong> lesen im Rahmen der <strong>Ausstellung \u201ejetzt\u201c<\/strong>. Ihre Texte beleuchten <strong>Frauen<\/strong>, die <strong>Widerst\u00e4nde <\/strong>\u00fcberwinden, <strong>Normen<\/strong> brechen und f\u00fcr <strong>Freiheit <\/strong>streiten \u2013 ein kraftvolles Panorama zum 100-j\u00e4hrigen Bestehen der <a href=\"https:\/\/www.gedok-wuppertal.de\/\" target=\"_blank\" rel=\"noreferrer noopener nofollow\">GEDOK<\/a>.<\/p>\n<p>Helga Schubert am 9. Mai im Internationalen Begegnungszentrum<\/p>\n<p><strong>Helga Schubert<\/strong> blickt in ihren \u00fcber sechs Jahrzehnte entstandenen <strong>Texten auf \u00dcberg\u00e4nge, Br\u00fcche und Neuanf\u00e4nge<\/strong> zwischen pers\u00f6nlicher Erfahrung und gesellschaftlichem Wandel. Ihre Geschichten erz\u00e4hlen von innerer Freiheit, Erinnerung und der Kraft des Erz\u00e4hlens. Im Gespr\u00e4ch mit <strong>Annette Hager<\/strong> spricht die Autorin \u00fcber ihr Schreiben und dar\u00fcber, wie Literatur hilft, sich selbst und die Welt zu verstehen.<\/p>\n<p>Familientag am 10. Mai im <a href=\"https:\/\/www.bob-campus.de\/\" target=\"_blank\" rel=\"noreferrer noopener nofollow\">BOB Campus<\/a> \u2013 Teilnahme kostenlos<\/p>\n<p>Ein bunter Nachmittag voller Geschichten f\u00fcr kleine und gro\u00dfe Buchfans, mit mehrsprachigem <strong>Bilderbuchkino<\/strong> \u201eVom kleinen Maulwurf, der wissen wollte, wer ihm auf den Kopf gemacht hat\u201c, <strong>Schreibworkshop <\/strong>f\u00fcr Kinder, <strong>Hiphop-K\u00fcnstler <\/strong>\u201eLe Mietz\u201c, <strong>Manga-Zeichnen<\/strong> mit Ronja Jochem, <strong>Lesungen <\/strong>mit Roya Soraya und Celina Klingbeil f\u00fcr Jugendliche und vielem mehr \u2013 eine Kooperation mit der <strong><a href=\"https:\/\/www.wuppertal.de\/microsite\/stadtbibliothek\/index.php\" target=\"_blank\" rel=\"noreferrer noopener nofollow\">Stadtbibliothek Wuppertal<\/a><\/strong> und dem <a href=\"https:\/\/www.peter-hammer-verlag.de\/\" target=\"_blank\" rel=\"noreferrer noopener nofollow\">Peter Hammer Verlag<\/a>.<\/p>\n<p>Jehona Kicaj am 10. Mai auf der <a href=\"https:\/\/insel.news\/\" target=\"_blank\" rel=\"noreferrer noopener nofollow\">INSEL<\/a><\/p>\n<p>In ihrem <strong>Roman \u201e\u00eb\u201c<\/strong> erz\u00e4hlt <strong>Jehona Kicaj<\/strong> von Krieg, Verlust und dem Aufwachsen als Kind kosovarischer Gefl\u00fcchteter in Deutschland (<a href=\"https:\/\/www.blickfeld-wuppertal.de\/wuppakhult\/wuppertaler-literatur-biennale-wie-erzaehlt-man-von-etwas-das-sich-der-sprache-entzieht\" target=\"_blank\" rel=\"noreferrer noopener nofollow\">blickfeld berichtete<\/a>). Der titelgebende Buchstabe steht f\u00fcr das Unsagbare, das dennoch nachwirkt. \u00dcber literarische Wege, diesem Schweigen eine Form zu geben, spricht die Autorin mit <strong>Birte Fritsch<\/strong>.<\/p>\n<p>Immer ge\u00f6ffnet: Das Festival-Zentrum WTF \u2013 Wut trifft Freiraum<\/p>\n<p>(Galerie n46, Neumarktstra\u00dfe 46 in Wuppertal) als Raum der Begegnung und mit verschiedenen Veranstaltungen<\/p>\n<p>Manchmal ist einfach nur die <strong>T\u00fcr offen<\/strong>, manchmal stehen auch <strong>kleine Events<\/strong> an, z. B. Pop Up-Lesungen, ein Pub-Quiz rund um die Welt der B\u00fccher, Schreibwerkst\u00e4tten, das Wut-Archiv der Stimmen und Vieles mehr. Das <strong>Programm<\/strong> wird auch in der Festivalwoche spontan weiter erg\u00e4nzt.<\/p>\n<p>Das <strong>vollst\u00e4ndige Programm<\/strong> und Informationen zum <strong>Kartenvorverkauf<\/strong> sind abrufbar unter <a href=\"https:\/\/wlbiennale.de\/\" target=\"_blank\" rel=\"noreferrer noopener nofollow\">www.wlbiennale.de<\/a>. \u00bb<a href=\"https:\/\/www.blickfeld-wuppertal.de\/ueber-uns\/blickfeld-redaktion\" rel=\"nofollow noopener\" target=\"_blank\">red<\/a>\u00ab<\/p>\n","protected":false},"excerpt":{"rendered":"Das sind die ersten Veranstaltungen der Wuppertaler Literatur Biennale. Er\u00f6ffnet wird das Literaturfest am 7. Mai im Open&hellip;\n","protected":false},"author":2,"featured_media":997373,"comment_status":"","ping_status":"","sticky":false,"template":"","format":"standard","meta":{"footnotes":"","_share_on_mastodon":"0"},"categories":[1840],"tags":[3364,29,2314,30,23611,80,93,1209,36362,16375,4418],"class_list":["post-997372","post","type-post","status-publish","format-standard","has-post-thumbnail","category-wuppertal","tag-de","tag-deutschland","tag-featured","tag-germany","tag-insel","tag-kultur","tag-literatur","tag-nordrhein-westfalen","tag-openground","tag-red","tag-wuppertal"],"share_on_mastodon":{"url":"https:\/\/pubeurope.com\/@de\/116524674262848178","error":""},"_links":{"self":[{"href":"https:\/\/www.europesays.com\/de\/wp-json\/wp\/v2\/posts\/997372","targetHints":{"allow":["GET"]}}],"collection":[{"href":"https:\/\/www.europesays.com\/de\/wp-json\/wp\/v2\/posts"}],"about":[{"href":"https:\/\/www.europesays.com\/de\/wp-json\/wp\/v2\/types\/post"}],"author":[{"embeddable":true,"href":"https:\/\/www.europesays.com\/de\/wp-json\/wp\/v2\/users\/2"}],"replies":[{"embeddable":true,"href":"https:\/\/www.europesays.com\/de\/wp-json\/wp\/v2\/comments?post=997372"}],"version-history":[{"count":0,"href":"https:\/\/www.europesays.com\/de\/wp-json\/wp\/v2\/posts\/997372\/revisions"}],"wp:featuredmedia":[{"embeddable":true,"href":"https:\/\/www.europesays.com\/de\/wp-json\/wp\/v2\/media\/997373"}],"wp:attachment":[{"href":"https:\/\/www.europesays.com\/de\/wp-json\/wp\/v2\/media?parent=997372"}],"wp:term":[{"taxonomy":"category","embeddable":true,"href":"https:\/\/www.europesays.com\/de\/wp-json\/wp\/v2\/categories?post=997372"},{"taxonomy":"post_tag","embeddable":true,"href":"https:\/\/www.europesays.com\/de\/wp-json\/wp\/v2\/tags?post=997372"}],"curies":[{"name":"wp","href":"https:\/\/api.w.org\/{rel}","templated":true}]}}