{"id":997477,"date":"2026-05-06T01:00:44","date_gmt":"2026-05-06T01:00:44","guid":{"rendered":"https:\/\/www.europesays.com\/de\/997477\/"},"modified":"2026-05-06T01:00:44","modified_gmt":"2026-05-06T01:00:44","slug":"die-verwundbare-flanke-der-usa-wie-ein-deutsches-unternehmen-die-usa-in-die-knie-zwingen-koennte-wallstreetonline","status":"publish","type":"post","link":"https:\/\/www.europesays.com\/de\/997477\/","title":{"rendered":"Die verwundbare Flanke der USA: Wie ein deutsches Unternehmen die USA in die Knie zwingen k\u00f6nnte | wallstreetONLINE"},"content":{"rendered":"<p id=\"newsArticleSummary\">\n        Berlin sucht nach Hebeln gegen US-Z\u00f6lle und st\u00f6\u00dft auf Kali-D\u00fcnger. Ein deutsches Unternehmen h\u00e4lt den Schl\u00fcssel zur US-Landwirtschaft.    <\/p>\n<p>\n  Die transatlantischen Beziehungen zwischen Berlin und Washington befinden sich auf einem historischen Tiefpunkt. Nachdem Bundeskanzler Friedrich Merz den US-gef\u00fchrten Krieg gegen den Iran scharf<br \/>\n  kritisierte, reagierte US-Pr\u00e4sident Donald Trump gewohnt impulsiv: Er k\u00fcndigte den Abzug von \u00fcber 5.000 US-Soldaten aus Deutschland an und neue Handelsbarrieren.\n<\/p>\n<p>\n  W\u00e4hrend die Angst vor Autoz\u00f6llen die deutsche Industrie l\u00e4hmt, bereiten Regierungsstellen hinter verschlossenen T\u00fcren eine Gegenstrategie vor. Das Ziel: Die Identifizierung strategischer<br \/>\n  Schwachstellen in den US-Lieferketten. Das \u00fcberraschende Ergebnis dieser Analyse tr\u00e4gt den Namen <strong>Kali<\/strong>, wie Bloomberg aus informierten Kreisen erfahren hat.\n<\/p>\n<p>                    Anzeige\u00a0<\/p>\n<p>Im Durchschnitt erleiden 7 von 10 Kleinanlegern Verluste beim Handel mit Turbo-Zertifikaten. Turbo-Zertifikate sind hoch risikoreiche Produkte und nicht f\u00fcr langfristige Anlagestrategien geeignet. Eine vorgeschriebene allgemeine Mitteilung gem\u00e4\u00df BaFin-Beschluss.<\/p>\n<p>                                        <a style=\"text-decoration:none;\" href=\"https:\/\/www.wallstreet-online.de\/nachrichten\/autor\/wallstreet-online-redaktion\" rel=\"nofollow noopener\" target=\"_blank\"><br \/>\n                                <img style=\"padding: 0 10px 10px 0;\" class=\"img-fluid d-block loadOnSight\" rel=\"\/\/assets.wallstreet-online.de\/_media\/3278\/nl\/size_59\/bild-2023-07-26-162724843.png\" alt=\"Autor\"\/><\/p>\n<p>                            <\/a><\/p>\n<p>wallstreetONLINE Redaktion<\/p>\n<p>0 Follower                    <\/p>\n<p>                                <img style=\"padding: 0 10px 10px 0;\" class=\"img-fluid d-block loadOnSight\" rel=\"\/\/assets.wallstreet-online.de\/_media\/3278\/nl\/size_59\/bild-2023-07-26-162724843.png\" alt=\"Autor\"\/><\/p>\n<p>\n                            Mehr anzeigen\n                        <\/p>\n<p>Melden Sie sich <a href=\"https:\/\/www.wallstreet-online.de\/newsletter\" target=\"_blank\" rel=\"nofollow noopener\">HIER f\u00fcr den Newsletter der wallstreetONLINE Redaktion an<\/a> &#8211; alle Top-Themen der B\u00f6rsenwoche im \u00dcberblick! Verpassen Sie kein wichtiges Anleger-Thema!&#13;\n<\/p>\n<p>&#13;<br \/>\nF\u00fcr Beitr\u00e4ge auf diesem journalistischen Channel ist die Chefredaktion der wallstreetONLINE Redaktion verantwortlich.<\/p>\n<p>Die Fachjournalisten der wallstreetONLINE Redaktion berichten hier mit ihren Kolleginnen und Kollegen aus den Partnerredaktionen exklusiv, fundiert, ausgewogen sowie unabh\u00e4ngig f\u00fcr den Anleger.<\/p>\n<p>Die Zentralredaktion recherchiert intensiv, um Anlegern der Kategorie Selbstentscheider relevante Informationen f\u00fcr ihre Anlageentscheidungen liefern zu k\u00f6nnen.<\/p>\n<p>NEU: Podcast &#8222;B\u00f6rse, Baby!&#8220;<\/p>\n<p>\n                            Mehr anzeigen\n                        <\/p>\n<p>                        <a href=\"https:\/\/www.wallstreet-online.de\/rss\/nachrichten\/wallstreet-online-redaktion\" title=\"RSS-Feed des Autors wallstreetONLINE Redaktion\" target=\"_blank\" rel=\"nofollow noopener\"><img decoding=\"async\" src=\"https:\/\/assets.wallstreet-online.de\/frontend\/img\/icons\/icons\/rss.svg\" alt=\"RSS Icon\" class=\"imgSvg me-1\" style=\"width:16px;height:16px\"\/><\/a><a style=\"vertical-align:top;\" href=\"https:\/\/www.wallstreet-online.de\/rss\/nachrichten\/wallstreet-online-redaktion\" title=\"RSS-Feed des Autors wallstreetONLINE Redaktion\" target=\"_blank\" class=\"text-subdued-alpha\" rel=\"nofollow noopener\">RSS-Feed abonnieren<\/a><\/p>\n","protected":false},"excerpt":{"rendered":"Berlin sucht nach Hebeln gegen US-Z\u00f6lle und st\u00f6\u00dft auf Kali-D\u00fcnger. Ein deutsches Unternehmen h\u00e4lt den Schl\u00fcssel zur US-Landwirtschaft.&hellip;\n","protected":false},"author":2,"featured_media":997478,"comment_status":"","ping_status":"","sticky":false,"template":"","format":"standard","meta":{"footnotes":"","_share_on_mastodon":"0"},"categories":[134],"tags":[175,170,169,29,30,215436,76725,171,174,215438,173,172,215437,215439],"class_list":["post-997477","post","type-post","status-publish","format-standard","has-post-thumbnail","category-unternehmen-maerkte","tag-business","tag-companies","tag-companies-markets","tag-deutschland","tag-germany","tag-ks-aktie","tag-kali","tag-markets","tag-maerkte","tag-trump-schreck","tag-unternehmen","tag-unternehmen-maerkte","tag-usa-duenger","tag-usa-kali"],"share_on_mastodon":{"url":"https:\/\/pubeurope.com\/@de\/116524930112917462","error":""},"_links":{"self":[{"href":"https:\/\/www.europesays.com\/de\/wp-json\/wp\/v2\/posts\/997477","targetHints":{"allow":["GET"]}}],"collection":[{"href":"https:\/\/www.europesays.com\/de\/wp-json\/wp\/v2\/posts"}],"about":[{"href":"https:\/\/www.europesays.com\/de\/wp-json\/wp\/v2\/types\/post"}],"author":[{"embeddable":true,"href":"https:\/\/www.europesays.com\/de\/wp-json\/wp\/v2\/users\/2"}],"replies":[{"embeddable":true,"href":"https:\/\/www.europesays.com\/de\/wp-json\/wp\/v2\/comments?post=997477"}],"version-history":[{"count":0,"href":"https:\/\/www.europesays.com\/de\/wp-json\/wp\/v2\/posts\/997477\/revisions"}],"wp:featuredmedia":[{"embeddable":true,"href":"https:\/\/www.europesays.com\/de\/wp-json\/wp\/v2\/media\/997478"}],"wp:attachment":[{"href":"https:\/\/www.europesays.com\/de\/wp-json\/wp\/v2\/media?parent=997477"}],"wp:term":[{"taxonomy":"category","embeddable":true,"href":"https:\/\/www.europesays.com\/de\/wp-json\/wp\/v2\/categories?post=997477"},{"taxonomy":"post_tag","embeddable":true,"href":"https:\/\/www.europesays.com\/de\/wp-json\/wp\/v2\/tags?post=997477"}],"curies":[{"name":"wp","href":"https:\/\/api.w.org\/{rel}","templated":true}]}}