{"id":998067,"date":"2026-05-06T06:54:15","date_gmt":"2026-05-06T06:54:15","guid":{"rendered":"https:\/\/www.europesays.com\/de\/998067\/"},"modified":"2026-05-06T06:54:15","modified_gmt":"2026-05-06T06:54:15","slug":"basf-coatings-kita-zum-dritten-mal-von-der-stiftung-kinder-forschen-zertifiziert","status":"publish","type":"post","link":"https:\/\/www.europesays.com\/de\/998067\/","title":{"rendered":"BASF Coatings-Kita zum dritten Mal von der Stiftung Kinder forschen zertifiziert"},"content":{"rendered":"\n<p>M\u00fcnster &#8211; Die Betriebskindertagesst\u00e4tte \u201eLackiKids\u201c von BASF Coatings hat erneut die Zertifizierung als Lernort f\u00fcr fr\u00fche Bildung in den Bereichen Mathematik, Informatik, Naturwissenschaften und Technik (MINT) von der Stiftung Kinder forschen erhalten.<\/p>\n<p>Die Betriebskindertagesst\u00e4tte \u201eLackiKids\u201c von BASF Coatings wurde erneut von der Stiftung Kinder forschen als Lernort f\u00fcr Mathematik, Informatik, Naturwissenschaften und Technik (MINT) zertifiziert. Wolfram Schier, Werkleiter von BASF Coatings in M\u00fcnster, sieht in der Auszeichnung eine Best\u00e4tigung f\u00fcr die p\u00e4dagogische Arbeit vor Ort. Die Fachkr\u00e4fte begleiten die Kinder dabei, ihre Neugier zu entfalten und Ph\u00e4nomene eigenst\u00e4ndig zu untersuchen, so Schier. Das Team hat daf\u00fcr Stationen entwickelt, an denen die Kinder Materialien ertasten, Farbmischungen beobachten oder die Funktionsweise von Magneten erkunden k\u00f6nnen.<\/p>\n<p> Bildungsimpulse im Unternehmensalltag <\/p>\n<p>Die Rezertifizierung verdeutliche, wie fr\u00fchkindliche Bildung durch Zeit zum Entdecken und engagiertes Personal gelingen k\u00f6nne, wie es in einer Mitteilung hei\u00dft. Dr. D\u00f6rthe Masemann, Koordinatorin von Kinder forschen M\u00fcnster, betont, dass BASF Coatings hier Verantwortung \u00fcbernehme und nachhaltige Impulse setze, die Kinder darin best\u00e4rken, ihre Umwelt forschend zu entdecken. Der Unternehmensbereich unterst\u00fctzt die Initiative in M\u00fcnster bereits seit dem Start des lokalen Netzwerks im Jahr 2018. Da das Unternehmen stark auf Forschung und Innovation ausgerichtet ist, geh\u00f6rt die F\u00f6rderung des Interesses an Wissenschaft und Technik zur langfristigen Strategie.<\/p>\n<p> Hintergrund der Initiative <\/p>\n<p>Die gemeinn\u00fctzige Stiftung Kinder forschen agiert seit 2006 mit dem Ziel, die Bildungschancen von Kindern im Kita- und Grundschulalter zu verbessern. Durch bundesweite Fortbildungen werden Lehr- und Fachkr\u00e4fte qualifiziert, den Entdeckergeist des Nachwuchses professionell zu begleiten. In M\u00fcnster wird dieses Vorhaben durch das lokale Netzwerk im MExLab ExperiMINTe an der Universit\u00e4t M\u00fcnster (<a href=\"https:\/\/www.uni-muenster.de\/MExLab\/\" target=\"_blank\" rel=\"noreferrer noopener nofollow\">https:\/\/www.uni-muenster.de\/MExLab\/<\/a>) koordiniert, um die Qualit\u00e4t der p\u00e4dagogischen Arbeit und den MINT-Nachwuchs nachhaltig zu st\u00e4rken.<\/p>\n<p>\u00a0<\/p>\n","protected":false},"excerpt":{"rendered":"M\u00fcnster &#8211; Die Betriebskindertagesst\u00e4tte \u201eLackiKids\u201c von BASF Coatings hat erneut die Zertifizierung als Lernort f\u00fcr fr\u00fche Bildung in&hellip;\n","protected":false},"author":2,"featured_media":998068,"comment_status":"","ping_status":"","sticky":false,"template":"","format":"standard","meta":{"footnotes":"","_share_on_mastodon":"0"},"categories":[1843],"tags":[3681,136815,3364,29,30,3491,8970,1209],"class_list":["post-998067","post","type-post","status-publish","format-standard","has-post-thumbnail","category-muenster","tag-auszeichnung","tag-basf-coatings","tag-de","tag-deutschland","tag-germany","tag-kita","tag-muenster","tag-nordrhein-westfalen"],"share_on_mastodon":{"url":"https:\/\/pubeurope.com\/@de\/116526322003505184","error":""},"_links":{"self":[{"href":"https:\/\/www.europesays.com\/de\/wp-json\/wp\/v2\/posts\/998067","targetHints":{"allow":["GET"]}}],"collection":[{"href":"https:\/\/www.europesays.com\/de\/wp-json\/wp\/v2\/posts"}],"about":[{"href":"https:\/\/www.europesays.com\/de\/wp-json\/wp\/v2\/types\/post"}],"author":[{"embeddable":true,"href":"https:\/\/www.europesays.com\/de\/wp-json\/wp\/v2\/users\/2"}],"replies":[{"embeddable":true,"href":"https:\/\/www.europesays.com\/de\/wp-json\/wp\/v2\/comments?post=998067"}],"version-history":[{"count":0,"href":"https:\/\/www.europesays.com\/de\/wp-json\/wp\/v2\/posts\/998067\/revisions"}],"wp:featuredmedia":[{"embeddable":true,"href":"https:\/\/www.europesays.com\/de\/wp-json\/wp\/v2\/media\/998068"}],"wp:attachment":[{"href":"https:\/\/www.europesays.com\/de\/wp-json\/wp\/v2\/media?parent=998067"}],"wp:term":[{"taxonomy":"category","embeddable":true,"href":"https:\/\/www.europesays.com\/de\/wp-json\/wp\/v2\/categories?post=998067"},{"taxonomy":"post_tag","embeddable":true,"href":"https:\/\/www.europesays.com\/de\/wp-json\/wp\/v2\/tags?post=998067"}],"curies":[{"name":"wp","href":"https:\/\/api.w.org\/{rel}","templated":true}]}}