{"id":998154,"date":"2026-05-06T07:45:17","date_gmt":"2026-05-06T07:45:17","guid":{"rendered":"https:\/\/www.europesays.com\/de\/998154\/"},"modified":"2026-05-06T07:45:17","modified_gmt":"2026-05-06T07:45:17","slug":"hamburg-setzt-ein-zeichen","status":"publish","type":"post","link":"https:\/\/www.europesays.com\/de\/998154\/","title":{"rendered":"Hamburg setzt ein Zeichen"},"content":{"rendered":"<p>Im Rahmen der Landespressekonferenz vom 5. Mai stellten <strong>Dr. Carsten Brosda, Senator f\u00fcr Kultur und Medien<\/strong>, und <strong>Volker Petri, Gesch\u00e4ftsf\u00fchrer B\u00f6rsenverein Nord<\/strong>, das Modell vor. Hamburg sei das erste Bundesland, das eine strukturelle Verlagsf\u00f6rderung einf\u00fchre, sagte Brosda, aber nicht, weil man das unbedingt allein h\u00e4tte machen wollen. Vielmehr habe man seit Jahren mit Bund und L\u00e4ndern \u00fcber eine gemeinsame L\u00f6sung gesprochen, dies habe sich jedoch als &#8222;z\u00e4h bis nicht aussichtsreich&#8220; erwiesen. Da man die Mittel im letzten Haushalt eingeworben habe, mache man in Hamburg nun den Anfang \u2013 und hoffe darauf, dass sich andere anschlie\u00dfen.<\/p>\n<p>Brosda weiter: &#8222;Verlage erf\u00fcllen in der deutschen Kulturlandschaft eine einzigartige Funktion: In ihnen b\u00fcndeln sich kreative und unternehmerische Kompetenz. Gerade die kleineren unabh\u00e4ngigen Verlage tragen mit ihren individuellen Programmen ganz entscheidend zur Vielfalt von Meinungen und Perspektiven im \u00f6ffentlichen Diskurs bei. Sie bei dieser Arbeit zu unterst\u00fctzen und damit genau diese Unabh\u00e4ngigkeit zu sichern, ist uns in Hamburg ein Herzensanliegen. Mit dem Hamburger Verlagspakt investieren wir nachhaltig in den Erhalt der literarischen Vielfalt unserer Stadt und f\u00f6rdern strukturell und langfristig die unabh\u00e4ngigen Kulturverlage.&#8220;<\/p>\n<p>Volker Petri erg\u00e4nzt: &#8222;Wir freuen uns, dass die Hansestadt Hamburg mit diesem Verlagspakt ihren Ruf als Kulturstadt weiter ausbaut und zugleich unterstreicht, welche wichtige Rolle Verlage dabei spielen. Dieses Programm setzt bundesweit Ma\u00dfst\u00e4be.&#8220;<\/p>\n","protected":false},"excerpt":{"rendered":"Im Rahmen der Landespressekonferenz vom 5. Mai stellten Dr. Carsten Brosda, Senator f\u00fcr Kultur und Medien, und Volker&hellip;\n","protected":false},"author":2,"featured_media":998155,"comment_status":"","ping_status":"","sticky":false,"template":"","format":"standard","meta":{"footnotes":"","_share_on_mastodon":"0"},"categories":[1826],"tags":[20116,29,30,692,54754],"class_list":["post-998154","post","type-post","status-publish","format-standard","has-post-thumbnail","category-hamburg","tag-alle-news-aus-der-buchbranche","tag-deutschland","tag-germany","tag-hamburg","tag-verlage"],"share_on_mastodon":{"url":"https:\/\/pubeurope.com\/@de\/116526522681765756","error":""},"_links":{"self":[{"href":"https:\/\/www.europesays.com\/de\/wp-json\/wp\/v2\/posts\/998154","targetHints":{"allow":["GET"]}}],"collection":[{"href":"https:\/\/www.europesays.com\/de\/wp-json\/wp\/v2\/posts"}],"about":[{"href":"https:\/\/www.europesays.com\/de\/wp-json\/wp\/v2\/types\/post"}],"author":[{"embeddable":true,"href":"https:\/\/www.europesays.com\/de\/wp-json\/wp\/v2\/users\/2"}],"replies":[{"embeddable":true,"href":"https:\/\/www.europesays.com\/de\/wp-json\/wp\/v2\/comments?post=998154"}],"version-history":[{"count":0,"href":"https:\/\/www.europesays.com\/de\/wp-json\/wp\/v2\/posts\/998154\/revisions"}],"wp:featuredmedia":[{"embeddable":true,"href":"https:\/\/www.europesays.com\/de\/wp-json\/wp\/v2\/media\/998155"}],"wp:attachment":[{"href":"https:\/\/www.europesays.com\/de\/wp-json\/wp\/v2\/media?parent=998154"}],"wp:term":[{"taxonomy":"category","embeddable":true,"href":"https:\/\/www.europesays.com\/de\/wp-json\/wp\/v2\/categories?post=998154"},{"taxonomy":"post_tag","embeddable":true,"href":"https:\/\/www.europesays.com\/de\/wp-json\/wp\/v2\/tags?post=998154"}],"curies":[{"name":"wp","href":"https:\/\/api.w.org\/{rel}","templated":true}]}}