{"id":998328,"date":"2026-05-06T09:28:38","date_gmt":"2026-05-06T09:28:38","guid":{"rendered":"https:\/\/www.europesays.com\/de\/998328\/"},"modified":"2026-05-06T09:28:38","modified_gmt":"2026-05-06T09:28:38","slug":"nachwuchs-des-wsc-rostock-springt-in-aachen-um-em-tickets","status":"publish","type":"post","link":"https:\/\/www.europesays.com\/de\/998328\/","title":{"rendered":"Nachwuchs des WSC Rostock springt in Aachen um EM-Tickets"},"content":{"rendered":"<p class=\"paragraph tw-mx-auto tw-mb-6\">Aachen ruft und die Wasserspringer des WSC Rostock sind von Mittwoch, 6. Mai, bis zum Sonntag, 10. Mai, mit 14 Aktiven bei den Deutschen Sommermeisterschaften der A-\/B-Jugend dabei. \u201eWir wollen zeigen, dass wir trotz des harten Jahres mit der Schlie\u00dfung unserer Trainingsst\u00e4tte konkurrenzf\u00e4hig sind\u201c, sagt Nachwuchs-Bundesst\u00fctzpunkttrainer Lucas Orlowski.<\/p>\n<p class=\"tw-text-neutral-10 tw-py-2 tw-border-t tw-mb-0 tw-text-title-md tw-font-medium tw-border-solid tw-border-b-neutral-10 tw-font-primary\">Empfohlene Artikel<\/p>\n<p class=\"paragraph tw-mx-auto tw-mb-6\">Die Hansest\u00e4dter gehen in Aachen zwei wichtige Themen an: Qualifikation f\u00fcr die im Juni in Budapest stattfindenden Europameisterschaften beider Altersklassen sowie die Erf\u00fcllung der Kadernormen des Deutschen Schwimm-Verbandes (DSV). F\u00fcr die EM sind im Vergleich mit der europ\u00e4ischen Jugendspitze nat\u00fcrlich h\u00f6here Punktzahlen angesetzt.<\/p>\n<p>Finn Awe z\u00e4hlt zu den Favoriten<\/p>\n<p class=\"paragraph tw-mx-auto tw-mb-6\">In der A-Jugend geh\u00f6rt Finn Awe zu den Favoriten. Der Doppel-Welt- und Europameister (Jugend B) des Jahres 2024 sowie 2025 mehrfacher EM-Titeltr\u00e4ger bestreitet im Kunstspringen (nun A-Jugend) beide Einzeldisziplinen. Zudem bildet er im Synchron mit Aachens William Ackmann ein Duo. \u201eSchwerpunkte der Vorbereitung waren die Serien vom Drei-Meter-Brett\u201c, so Orlowski.<\/p>\n<p>Deutsche Sommer-Meisterschaften A\/B-JugendAufgebot des WSC Rostock<\/p>\n<p class=\"paragraph tw-mx-auto tw-mb-6\"><strong>A-Jugend:<\/strong>\u00a0Aliana Reihs, Zo\u00e9 Schneider, Jonas F\u00fcrstenau, Finn Awe, Iven Prenzyna<br \/><strong>B-Jugend:<\/strong>\u00a0Jella Kiphut, Mira Germerot, Paula Wieck, Hanne Steinhagen, Charlotte Bonk, Nele Singer, Lara Wigger, Jan Chrobak, Emil Goele<\/p>\n<p class=\"paragraph tw-mx-auto tw-mb-6\">Mit Iven Prenzyna haben die Hansest\u00e4dter ein weiteres Ass im \u00c4rmel. Das auch im Synchron vom Turm mit Berlins Eric Schmidtke. Prenzynas Coach Michail Sachiasvili hofft, dass sich sein Athlet auch in der Einzelkonkurrenz das Ungarn-Ticket sicher wird.<\/p>\n<p class=\"tw-text-neutral-10 tw-py-2 tw-border-t tw-mb-0 tw-text-title-md tw-font-medium tw-border-solid tw-border-b-neutral-10 tw-font-primary\">Empfohlene Artikel<\/p>\n<p class=\"paragraph tw-mx-auto tw-mb-6\">Budapest ist ebenfalls f\u00fcr die B-Jugendliche Jella Kiphut ein Thema. Im vergangenem Jahr \u00fcberraschend bei der Junioren-EM auf dem Podium wird sie in drei Disziplinen antreten. Partnerin im Synchron wird Aliana Reihs sein, die sensationell 2024 bei der Junioren-WM in Rio de Janeiro mit Zo\u00e9 Schneider in dieser Disziplin Bronze holten. Schneider wird vom Turm antreten. \u201e\u00dcber diese und jene andere positive \u00dcberraschung w\u00fcrde ich mich freuen\u201c, sagt Lucas Orlowski.<\/p><\/p>\n","protected":false},"excerpt":{"rendered":"Aachen ruft und die Wasserspringer des WSC Rostock sind von Mittwoch, 6. Mai, bis zum Sonntag, 10. Mai,&hellip;\n","protected":false},"author":2,"featured_media":998329,"comment_status":"","ping_status":"","sticky":false,"template":"","format":"standard","meta":{"footnotes":"","_share_on_mastodon":"0"},"categories":[1853],"tags":[1424,215598,3364,215596,215595,29,31894,548,663,3934,215592,30,13,215593,215594,215599,14,15,1209,12,71400,215591,215597],"class_list":["post-998328","post","type-post","status-publish","format-standard","has-post-thumbnail","category-aachen","tag-aachen","tag-aliana-reihs","tag-de","tag-deutsche-sommer-meisterschaften-in-aachen","tag-deutscher-schwimmverband","tag-deutschland","tag-dsv","tag-eu","tag-europa","tag-europe","tag-finn-awe","tag-germany","tag-headlines","tag-iven-prenzyna","tag-jella-kiphut","tag-lucas-orlowski","tag-nachrichten","tag-news","tag-nordrhein-westfalen","tag-schlagzeilen","tag-wasserspringen","tag-wsc-rostock","tag-zoe-schneider"],"share_on_mastodon":{"url":"https:\/\/pubeurope.com\/@de\/116526927502749678","error":""},"_links":{"self":[{"href":"https:\/\/www.europesays.com\/de\/wp-json\/wp\/v2\/posts\/998328","targetHints":{"allow":["GET"]}}],"collection":[{"href":"https:\/\/www.europesays.com\/de\/wp-json\/wp\/v2\/posts"}],"about":[{"href":"https:\/\/www.europesays.com\/de\/wp-json\/wp\/v2\/types\/post"}],"author":[{"embeddable":true,"href":"https:\/\/www.europesays.com\/de\/wp-json\/wp\/v2\/users\/2"}],"replies":[{"embeddable":true,"href":"https:\/\/www.europesays.com\/de\/wp-json\/wp\/v2\/comments?post=998328"}],"version-history":[{"count":0,"href":"https:\/\/www.europesays.com\/de\/wp-json\/wp\/v2\/posts\/998328\/revisions"}],"wp:featuredmedia":[{"embeddable":true,"href":"https:\/\/www.europesays.com\/de\/wp-json\/wp\/v2\/media\/998329"}],"wp:attachment":[{"href":"https:\/\/www.europesays.com\/de\/wp-json\/wp\/v2\/media?parent=998328"}],"wp:term":[{"taxonomy":"category","embeddable":true,"href":"https:\/\/www.europesays.com\/de\/wp-json\/wp\/v2\/categories?post=998328"},{"taxonomy":"post_tag","embeddable":true,"href":"https:\/\/www.europesays.com\/de\/wp-json\/wp\/v2\/tags?post=998328"}],"curies":[{"name":"wp","href":"https:\/\/api.w.org\/{rel}","templated":true}]}}