{"id":998536,"date":"2026-05-06T11:27:23","date_gmt":"2026-05-06T11:27:23","guid":{"rendered":"https:\/\/www.europesays.com\/de\/998536\/"},"modified":"2026-05-06T11:27:23","modified_gmt":"2026-05-06T11:27:23","slug":"fcn-schon-wieder-preiserhoehung-beim-fcn-sport","status":"publish","type":"post","link":"https:\/\/www.europesays.com\/de\/998536\/","title":{"rendered":"FCN: Schon wieder Preiserh\u00f6hung beim FCN | Sport"},"content":{"rendered":"<p><a class=\"skip-content skip-content--link\" href=\"#in-content-skip-link-target-v-0-0\">TTS-Player \u00fcberspringen\u21b5<\/a><a id=\"in-content-skip-link-target-v-0-0\" class=\"skip-content--target-link-hidden skip-content skip-content--target-link\" href=\"#in-content-skip-link-target-v-0-0\">Artikel weiterlesen<\/a><\/p>\n<p>N\u00fcrnberg \u2013 <b>Der Club wird immer teurer f\u00fcr die Fans! Bereits vor dieser Saison hatte der FCN seine Preise drastisch erh\u00f6ht. Anh\u00e4nger mussten 11 bis 17 Prozent Steigerung f\u00fcr einen Mitglieder-Sitzplatz in der Nordkurve und auf der Gegengerade in Kauf nehmen. Hinzu kommt der \u201eStadiongroschen\u201c f\u00fcr den geplanten Stadionneubau. Dieser betr\u00e4gt 1 Euro in der Kurve bis 7,14 Euro im VIP\u2011Bereich. Jetzt gibt es neue Aufschl\u00e4ge.<\/b><\/p>\n<p>F\u00fcr Dauerkarten m\u00fcssen die Anh\u00e4nger k\u00fcnftig 4,2 Prozent mehr bezahlen als f\u00fcr die laufende Spielzeit. \u201eDas gestiegene Kostenniveau in Deutschland belastet in den unterschiedlichsten Bereichen auch den 1. FC N\u00fcrnberg. Wir kommen deshalb nicht umhin, die Preise f\u00fcr die Dauerkarten der Saison 2026\/27 anzupassen\u201c, begr\u00fcndet der FCN diese Ma\u00dfnahme. Es ist bereits die dritte Preiserh\u00f6hung in Folge.<\/p>\n<p>\u201eStadiongroschen\u201c bleibt<\/p>\n<p>Die Preise f\u00fcr Dauerkarten in der neuen Saison reichen von 235 Euro f\u00fcr einen Stehplatz in der Nordkurve bis 799 Euro f\u00fcr die Dauerkarte in der 1. Kategorie auf der Haupttrib\u00fcne. Immerhin soll man sich mit einem Saisonticket die Kosten f\u00fcr insgesamt vier Spiele gegen\u00fcber dem Einzelkauf sparen. Diese Rechnung sorgt aber f\u00fcr Unmut in sozialen Netzwerken. Ein Anh\u00e4nger schreibt: \u201eIch habe seit Saison 2023\/24 eine Dauerkarte im Block 15b. Zwischen Kauf 2023 (400 Euro) und 2026 (495 Euro) liegen 3 Jahre und eine Steigerung von 23,75 Prozent. Diese Dimension l\u00e4sst sich auch nicht immer mit \u201aEs wird alles teurer\u2019 erkl\u00e4ren.\u201c<\/p>\n<p>Mehr zum Thema<\/p>\n<p>Viele Fans erwarteten dieses Jahr nicht schon wieder die n\u00e4chste Preiserh\u00f6hung. Doch der FCN hat nach wie vor ein strukturelles Defizit von 3 Mio. Euro, das bis 2027 geschlossen werden soll. Ein Hebel sind offenbar auch die Ticketpreise.<\/p>\n","protected":false},"excerpt":{"rendered":"TTS-Player \u00fcberspringen\u21b5Artikel weiterlesen N\u00fcrnberg \u2013 Der Club wird immer teurer f\u00fcr die Fans! Bereits vor dieser Saison hatte&hellip;\n","protected":false},"author":2,"featured_media":998537,"comment_status":"","ping_status":"","sticky":false,"template":"","format":"standard","meta":{"footnotes":"","_share_on_mastodon":"0"},"categories":[1837],"tags":[783,772,10265,3364,29,1002,347,30,13087,3783,828,877,1470,784],"class_list":["post-998536","post","type-post","status-publish","format-standard","has-post-thumbnail","category-nuernberg","tag-1-fc-nuernberg","tag-bayern","tag-dauerkarte","tag-de","tag-deutschland","tag-fans","tag-fussball","tag-germany","tag-max-morlock-stadion","tag-nuernberg","tag-preis","tag-spobi-2-liga","tag-sport-leuchtturm-muenchen","tag-zweite-bundesliga"],"share_on_mastodon":{"url":"https:\/\/pubeurope.com\/@de\/116527395412920592","error":""},"_links":{"self":[{"href":"https:\/\/www.europesays.com\/de\/wp-json\/wp\/v2\/posts\/998536","targetHints":{"allow":["GET"]}}],"collection":[{"href":"https:\/\/www.europesays.com\/de\/wp-json\/wp\/v2\/posts"}],"about":[{"href":"https:\/\/www.europesays.com\/de\/wp-json\/wp\/v2\/types\/post"}],"author":[{"embeddable":true,"href":"https:\/\/www.europesays.com\/de\/wp-json\/wp\/v2\/users\/2"}],"replies":[{"embeddable":true,"href":"https:\/\/www.europesays.com\/de\/wp-json\/wp\/v2\/comments?post=998536"}],"version-history":[{"count":0,"href":"https:\/\/www.europesays.com\/de\/wp-json\/wp\/v2\/posts\/998536\/revisions"}],"wp:featuredmedia":[{"embeddable":true,"href":"https:\/\/www.europesays.com\/de\/wp-json\/wp\/v2\/media\/998537"}],"wp:attachment":[{"href":"https:\/\/www.europesays.com\/de\/wp-json\/wp\/v2\/media?parent=998536"}],"wp:term":[{"taxonomy":"category","embeddable":true,"href":"https:\/\/www.europesays.com\/de\/wp-json\/wp\/v2\/categories?post=998536"},{"taxonomy":"post_tag","embeddable":true,"href":"https:\/\/www.europesays.com\/de\/wp-json\/wp\/v2\/tags?post=998536"}],"curies":[{"name":"wp","href":"https:\/\/api.w.org\/{rel}","templated":true}]}}