{"id":999088,"date":"2026-05-06T16:51:14","date_gmt":"2026-05-06T16:51:14","guid":{"rendered":"https:\/\/www.europesays.com\/de\/999088\/"},"modified":"2026-05-06T16:51:14","modified_gmt":"2026-05-06T16:51:14","slug":"buender-autohaus-becker-tiemann-distanziert-sich-von-vorwuerfen-gegen-inhaftierten-gesellschafter-regionales","status":"publish","type":"post","link":"https:\/\/www.europesays.com\/de\/999088\/","title":{"rendered":"B\u00fcnder Autohaus Becker-Tiemann distanziert sich von Vorw\u00fcrfen gegen inhaftierten Gesellschafter | Regionales"},"content":{"rendered":"<p>B\u00fcnder Autohaus Becker-Tiemann distanziert sich von Vorw\u00fcrfen gegen inhaftierten Gesellschafter | Regionales &#8211; Mindener Tageblatt<\/p>\n<p><a href=\"https:\/\/www.mt.de\" title=\"\" class=\"logo-mt\" rel=\"nofollow noopener\" target=\"_blank\"><br \/>\n<img decoding=\"async\" src=\"https:\/\/www.mt.de\/_em_daten\/mtrelaunch\/assets\/img\/mindener-tageblatt-logo.svg\" height=\"30\" alt=\"Mindener Tageblatt\"\/><br \/>\n<\/a><\/p>\n<p><a href=\"https:\/\/www.mt.de\/\" aria-label=\"Zur Startseite\" rel=\"nofollow noopener\" target=\"_blank\"><\/p>\n<p><\/a><\/p>\n<ol class=\"breadcrumb\" itemprop=\"breadcrumb\" itemscope=\"\" itemtype=\"https:\/\/schema.org\/BreadcrumbList\">\n<li class=\"breadcrumb-item\" itemprop=\"itemListElement\" itemscope=\"\" itemtype=\"https:\/\/schema.org\/ListItem\"><a href=\"https:\/\/www.mt.de\/\" itemprop=\"item\" aria-label=\"Zur Startseite\" rel=\"nofollow noopener\" target=\"_blank\">Startseite<\/a><\/li>\n<li class=\"breadcrumb-item\" itemprop=\"itemListElement\" itemscope=\"\" itemtype=\"https:\/\/schema.org\/ListItem\"><a href=\"https:\/\/www.mt.de\/regionales\" itemprop=\"item\" rel=\"nofollow noopener\" target=\"_blank\">Regionales<\/a><\/li>\n<li class=\"breadcrumb-item\" itemprop=\"itemListElement\" itemscope=\"\" itemtype=\"https:\/\/schema.org\/ListItem\">\nB\u00fcnder Autohaus Becker-Tiemann distanziert sich von Vorw\u00fcrfen gegen inhaftierten Gesellschafter\n<\/li>\n<\/ol>\n","protected":false},"excerpt":{"rendered":"B\u00fcnder Autohaus Becker-Tiemann distanziert sich von Vorw\u00fcrfen gegen inhaftierten Gesellschafter | Regionales &#8211; Mindener Tageblatt Startseite Regionales B\u00fcnder&hellip;\n","protected":false},"author":2,"featured_media":999089,"comment_status":"","ping_status":"","sticky":false,"template":"","format":"standard","meta":{"footnotes":"","_share_on_mastodon":"0"},"categories":[1841],"tags":[513,4890,1605,215741,3364,29,587,30,69214,2213,16392,731,1611,1607,2379,2377,1608,16896,164252,1613,22055,1411,1209,164930,1997,14453,1921],"class_list":["post-999088","post","type-post","status-publish","format-standard","has-post-thumbnail","category-bielefeld","tag-auto","tag-autohaus","tag-bielefeld","tag-carsten-b","tag-de","tag-deutschland","tag-ermittlung","tag-germany","tag-geschftsfhrung","tag-hausdurchsuchung","tag-label_blaulicht","tag-label_cm-ok","tag-label_informiere-mich","tag-label_knaller","tag-label_push","tag-label_startseite","tag-label_top-news","tag-label_xl-160","tag-meta_eo_zusammenfassung","tag-meta_userneeds_informieremich","tag-minden","tag-niedersachsen","tag-nordrhein-westfalen","tag-serie_nlbuende","tag-staatsanwaltschaft","tag-straftat","tag-vergewaltigung"],"share_on_mastodon":{"url":"","error":"Validation failed: Text character limit of 500 exceeded"},"_links":{"self":[{"href":"https:\/\/www.europesays.com\/de\/wp-json\/wp\/v2\/posts\/999088","targetHints":{"allow":["GET"]}}],"collection":[{"href":"https:\/\/www.europesays.com\/de\/wp-json\/wp\/v2\/posts"}],"about":[{"href":"https:\/\/www.europesays.com\/de\/wp-json\/wp\/v2\/types\/post"}],"author":[{"embeddable":true,"href":"https:\/\/www.europesays.com\/de\/wp-json\/wp\/v2\/users\/2"}],"replies":[{"embeddable":true,"href":"https:\/\/www.europesays.com\/de\/wp-json\/wp\/v2\/comments?post=999088"}],"version-history":[{"count":0,"href":"https:\/\/www.europesays.com\/de\/wp-json\/wp\/v2\/posts\/999088\/revisions"}],"wp:featuredmedia":[{"embeddable":true,"href":"https:\/\/www.europesays.com\/de\/wp-json\/wp\/v2\/media\/999089"}],"wp:attachment":[{"href":"https:\/\/www.europesays.com\/de\/wp-json\/wp\/v2\/media?parent=999088"}],"wp:term":[{"taxonomy":"category","embeddable":true,"href":"https:\/\/www.europesays.com\/de\/wp-json\/wp\/v2\/categories?post=999088"},{"taxonomy":"post_tag","embeddable":true,"href":"https:\/\/www.europesays.com\/de\/wp-json\/wp\/v2\/tags?post=999088"}],"curies":[{"name":"wp","href":"https:\/\/api.w.org\/{rel}","templated":true}]}}