{"id":99961,"date":"2025-05-10T16:20:09","date_gmt":"2025-05-10T16:20:09","guid":{"rendered":"https:\/\/www.europesays.com\/de\/99961\/"},"modified":"2025-05-10T16:20:09","modified_gmt":"2025-05-10T16:20:09","slug":"unverstaendnis-ueber-leerstand-bei-mieter-und-vermietern","status":"publish","type":"post","link":"https:\/\/www.europesays.com\/de\/99961\/","title":{"rendered":"Unverst\u00e4ndnis \u00fcber Leerstand bei Mieter und Vermietern"},"content":{"rendered":"<p class=\"text_ohne_einzug richtext text-em-55 !leading-serif mx-6 desktop:mx-0\"> In Pempelfort, Golzheim und Derendorf hat sich ein ungew\u00f6hnlicher Protest entwickelt. In diesen Stadtteilen haben sich Mieter zusammengeschlossen, weil sie in ihren Wohnungen bleiben m\u00f6chten. Sie f\u00fchlen sich, insbesondere von Investoren, verdr\u00e4ngt und entmietet, zum Teil schikaniert, viele von ihnen bekamen Verwertungsk\u00fcndigungen, R\u00e4umungsklagen und stecken in Rechtsstreitigkeiten. Mitten in dieser Nachbarschaft, an der Nordstra\u00dfe, kamen am Samstag viele dieser Anwohner zusammen, aber auch Vermieter und Vertreter des Mietervereins <a href=\"https:\/\/rp-online.de\/thema\/duesseldorf\/\" rel=\"nofollow noopener\" target=\"_blank\">D\u00fcsseldorf<\/a> und des B\u00fcndnisses bezahlbarerer Wohnraum. Bei der Mobilen Redaktion der Rheinischen Post diskutierten sie \u00fcber den Wohnraum in diesem Viertel und in ganz D\u00fcsseldorf.<\/p>\n","protected":false},"excerpt":{"rendered":"In Pempelfort, Golzheim und Derendorf hat sich ein ungew\u00f6hnlicher Protest entwickelt. In diesen Stadtteilen haben sich Mieter zusammengeschlossen,&hellip;\n","protected":false},"author":2,"featured_media":99962,"comment_status":"","ping_status":"","sticky":false,"template":"","format":"standard","meta":{"footnotes":""},"categories":[1831],"tags":[32246,14769,14581,3364,29,3405,40075,30,40074,1209,7014,21060,5337],"class_list":{"0":"post-99961","1":"post","2":"type-post","3":"status-publish","4":"format-standard","5":"has-post-thumbnail","7":"category-duesseldorf","8":"tag-wohnraum","9":"tag-anwohner","10":"tag-beschaeftigt","11":"tag-de","12":"tag-deutschland","13":"tag-duesseldorf","14":"tag-duesseldorferinnen","15":"tag-germany","16":"tag-mobile","17":"tag-nordrhein-westfalen","18":"tag-redaktion","19":"tag-wohn","20":"tag-wohnungen"},"share_on_mastodon":{"url":"https:\/\/pubeurope.com\/@de\/114484453247369215","error":""},"_links":{"self":[{"href":"https:\/\/www.europesays.com\/de\/wp-json\/wp\/v2\/posts\/99961","targetHints":{"allow":["GET"]}}],"collection":[{"href":"https:\/\/www.europesays.com\/de\/wp-json\/wp\/v2\/posts"}],"about":[{"href":"https:\/\/www.europesays.com\/de\/wp-json\/wp\/v2\/types\/post"}],"author":[{"embeddable":true,"href":"https:\/\/www.europesays.com\/de\/wp-json\/wp\/v2\/users\/2"}],"replies":[{"embeddable":true,"href":"https:\/\/www.europesays.com\/de\/wp-json\/wp\/v2\/comments?post=99961"}],"version-history":[{"count":0,"href":"https:\/\/www.europesays.com\/de\/wp-json\/wp\/v2\/posts\/99961\/revisions"}],"wp:featuredmedia":[{"embeddable":true,"href":"https:\/\/www.europesays.com\/de\/wp-json\/wp\/v2\/media\/99962"}],"wp:attachment":[{"href":"https:\/\/www.europesays.com\/de\/wp-json\/wp\/v2\/media?parent=99961"}],"wp:term":[{"taxonomy":"category","embeddable":true,"href":"https:\/\/www.europesays.com\/de\/wp-json\/wp\/v2\/categories?post=99961"},{"taxonomy":"post_tag","embeddable":true,"href":"https:\/\/www.europesays.com\/de\/wp-json\/wp\/v2\/tags?post=99961"}],"curies":[{"name":"wp","href":"https:\/\/api.w.org\/{rel}","templated":true}]}}