{"id":999642,"date":"2026-05-06T22:04:18","date_gmt":"2026-05-06T22:04:18","guid":{"rendered":"https:\/\/www.europesays.com\/de\/999642\/"},"modified":"2026-05-06T22:04:18","modified_gmt":"2026-05-06T22:04:18","slug":"christin-stark-muss-auftritt-beim-schlagerfeeling-open-air-absagen","status":"publish","type":"post","link":"https:\/\/www.europesays.com\/de\/999642\/","title":{"rendered":"Christin Stark muss Auftritt beim Schlagerfeeling Open Air absagen"},"content":{"rendered":"<p>Schwierige Monate <\/p>\n<p>Schlagers\u00e4ngerin Christin Stark muss Auftritt absagen<\/p>\n<p>06.05.2026 &#8211; 21:11 UhrLesedauer: 2 Min.<\/p>\n<p><a href=\"#focus-0\" class=\"transition-colors duration-200 block text-current relative\" data-sctrack=\"FocusGalleryImage.Reference\"><img fetchpriority=\"high\" data-testid=\"Opener.Image\"   loading=\"eager\" src=\"https:\/\/www.europesays.com\/de\/wp-content\/uploads\/2026\/05\/christin-stark-die-saengerin-hat-schlechte-nachrichten-fuer-ihre-fans.jpg\" alt=\"Christin Stark: Die S\u00e4ngerin hat schlechte Nachrichten f\u00fcr ihre Fans.\" title=\"Christin Stark: Die S\u00e4ngerin hat schlechte Nachrichten f\u00fcr ihre Fans.\" width=\"1832\" height=\"1031\" class=\"bg-[url:var(--lqipURL)] bg-cover bg-center flex h-full w-full max-w-full\" style=\"--lqipURL:url('https:\/\/images.t-online.de\/2026\/05\/bx2-v2PyWEtJ\/1398x206:1832x1031\/fit-in\/150x0\/filters:blur(25)\/christin-stark-die-saengerin-hat-schlechte-nachrichten-fuer-ihre-fans.jpg')\" decoding=\"async\"\/><img loading=\"lazy\" src=\"https:\/\/www.t-online.de\/s\/paper\/_next\/static\/media\/zoom-in.f7dae02f.svg\" alt=\"Vergr\u00f6\u00dfern des Bildes\" title=\"Vergr\u00f6\u00dfern des Bildes\" class=\"block h-[calc(var(--height)_\/_16_*_1rem)] w-[calc(var(--width)_\/_16_*_1rem)] max-w-none absolute bottom-8 right-8 rounded-4 bg-snow p-8\" style=\"--width:32;--height:32\" decoding=\"async\"\/><\/a><\/p>\n<p>Christin Stark: Die S\u00e4ngerin hat schlechte Nachrichten f\u00fcr ihre Fans. (Quelle: IMAGO\/Clemens Niehaus)<\/p>\n<p class=\"font-bold text-18 leading-17 user-text-lg:text-22 user-text-xl:text-24\">Nach einem pers\u00f6nlichen Schicksalsschlag ist die S\u00e4ngerin zur\u00fcck auf der B\u00fchne. Doch nun m\u00fcssen Christin Starks Fans auf einen Auftritt verzichten \u2013 was erneut Sorge sch\u00fcrt.<\/p>\n<p class=\"text-18 leading-17 user-text-lg:text-22 user-text-xl:text-24\">Die vergangenen Monate waren beruflich und privat hart f\u00fcr <a class=\"transition-colors duration-200 cursor-pointer text-inherit no-underline text-salemsfur md:hover:text-magenta md:hover:border-magenta md:focus:text-magenta border-current border-b border-solid break-words\" data-tracking=\"{&quot;action&quot;:&quot;click&quot;,&quot;category&quot;:&quot;intextLink&quot;,&quot;label&quot;:&quot;\/themen\/christin-stark\/&quot;}\" href=\"https:\/\/www.t-online.de\/themen\/christin-stark\/\" data-sctrack=\"BodyAnchor\" rel=\"nofollow noopener\" target=\"_blank\">Christin Stark<\/a>. Nachdem sie 2023 die Moderation der &#8222;Schlagerhitparade&#8220; \u00fcbernommen hatte, wurde die MDR-Sendung zum Jahresbeginn eingestellt. Die finale Folge mit der S\u00e4ngerin lief am 2. Januar im TV. Kurz darauf musste Christin Stark einen pers\u00f6nlichen Schicksalsschlag verkraften.<\/p>\n<p class=\"text-18 leading-17 user-text-lg:text-22 user-text-xl:text-24\">Sie k\u00f6nne &#8222;aus organisatorischen Gr\u00fcnden&#8220; nicht dabei sein, teilte der Veranstalter mit. Die S\u00e4ngerin selbst \u00e4u\u00dferte sich nicht zu dem Ausfall. Doch ein aktuelles Instagram-Posting sch\u00fcrte bei ihren Fans laut &#8222;schlager.de&#8220; Sorge. &#8222;Ich komme gerade von der Frauen\u00e4rztin&#8220;, erkl\u00e4rte Christin Stark demnach. Es gebe Verdacht auf eine Eierstockentz\u00fcndung.<\/p>\n<p class=\"text-18 leading-17 user-text-lg:text-22 user-text-xl:text-24\">&#8222;Wenn ihr merkt, dass an eurem K\u00f6rper irgendwas nicht stimmt: Gesundheit geht immer vor. Drei Ausrufezeichen&#8220;, appellierte sie an ihre Follower und mahnte, zum Arzt zu gehen. &#8222;K\u00f6nnt ihr nichts verlieren, au\u00dfer dass ihr dann wisst, dass ihr gesund seid&#8220;, so die 36-J\u00e4hrige.<\/p>\n<p class=\"text-18 leading-17 user-text-lg:text-22 user-text-xl:text-24\">Ob ihre gesundheitliche Situation mit der Absage beim &#8222;Schlagerfeeling Open Air&#8220; zusammenh\u00e4ngt, ist unklar. Ersatz f\u00fcr die S\u00e4ngerin wurde jedenfalls schon gefunden: &#8222;Jay Khan wird kurzfristig als neuer Headliner dabei sein&#8220;, teilte der Veranstalter mit. Zudem werden Stars wie Bata Illic, Achim Petry und <a class=\"transition-colors duration-200 cursor-pointer text-inherit no-underline text-salemsfur md:hover:text-magenta md:hover:border-magenta md:focus:text-magenta border-current border-b border-solid break-words\" data-tracking=\"{&quot;action&quot;:&quot;click&quot;,&quot;category&quot;:&quot;intextLink&quot;,&quot;label&quot;:&quot;\/themen\/bernhard-brink\/&quot;}\" href=\"https:\/\/www.t-online.de\/themen\/bernhard-brink\/\" data-sctrack=\"BodyAnchor\" rel=\"nofollow noopener\" target=\"_blank\">Bernhard Brink<\/a> auf der B\u00fchne stehen.<\/p>\n","protected":false},"excerpt":{"rendered":"Schwierige Monate Schlagers\u00e4ngerin Christin Stark muss Auftritt absagen 06.05.2026 &#8211; 21:11 UhrLesedauer: 2 Min. Christin Stark: Die S\u00e4ngerin&hellip;\n","protected":false},"author":2,"featured_media":999643,"comment_status":"","ping_status":"","sticky":false,"template":"","format":"standard","meta":{"footnotes":"","_share_on_mastodon":"0"},"categories":[155],"tags":[134473,29,214,30,18715,50807,215],"class_list":["post-999642","post","type-post","status-publish","format-standard","has-post-thumbnail","category-unterhaltung","tag-christin-stark","tag-deutschland","tag-entertainment","tag-germany","tag-matthias-reim","tag-schicksalsschlag","tag-unterhaltung"],"share_on_mastodon":{"url":"https:\/\/pubeurope.com\/@de\/116529900352411370","error":""},"_links":{"self":[{"href":"https:\/\/www.europesays.com\/de\/wp-json\/wp\/v2\/posts\/999642","targetHints":{"allow":["GET"]}}],"collection":[{"href":"https:\/\/www.europesays.com\/de\/wp-json\/wp\/v2\/posts"}],"about":[{"href":"https:\/\/www.europesays.com\/de\/wp-json\/wp\/v2\/types\/post"}],"author":[{"embeddable":true,"href":"https:\/\/www.europesays.com\/de\/wp-json\/wp\/v2\/users\/2"}],"replies":[{"embeddable":true,"href":"https:\/\/www.europesays.com\/de\/wp-json\/wp\/v2\/comments?post=999642"}],"version-history":[{"count":0,"href":"https:\/\/www.europesays.com\/de\/wp-json\/wp\/v2\/posts\/999642\/revisions"}],"wp:featuredmedia":[{"embeddable":true,"href":"https:\/\/www.europesays.com\/de\/wp-json\/wp\/v2\/media\/999643"}],"wp:attachment":[{"href":"https:\/\/www.europesays.com\/de\/wp-json\/wp\/v2\/media?parent=999642"}],"wp:term":[{"taxonomy":"category","embeddable":true,"href":"https:\/\/www.europesays.com\/de\/wp-json\/wp\/v2\/categories?post=999642"},{"taxonomy":"post_tag","embeddable":true,"href":"https:\/\/www.europesays.com\/de\/wp-json\/wp\/v2\/tags?post=999642"}],"curies":[{"name":"wp","href":"https:\/\/api.w.org\/{rel}","templated":true}]}}