{"id":99999,"date":"2025-05-10T16:42:25","date_gmt":"2025-05-10T16:42:25","guid":{"rendered":"https:\/\/www.europesays.com\/de\/99999\/"},"modified":"2025-05-10T16:42:25","modified_gmt":"2025-05-10T16:42:25","slug":"zweite-probe-beim-esc-2025-remember-monday-mit-what-the-hell-just-happened-fuer-grossbritannien","status":"publish","type":"post","link":"https:\/\/www.europesays.com\/de\/99999\/","title":{"rendered":"Zweite Probe beim ESC 2025: Remember Monday mit \u201eWhat the Hell Just Happened?\u201c f\u00fcr Gro\u00dfbritannien"},"content":{"rendered":"<p>\t\t<img decoding=\"async\" class=\"wp-worthy-pixel-img skip-lazy \" src=\"https:\/\/www.europesays.com\/de\/wp-content\/uploads\/2025\/05\/b142f525cfbb47bbbe27e13c3535e869.gif\" loading=\"eager\" data-no-lazy=\"1\" data-skip-lazy=\"1\" height=\"1\" width=\"1\" alt=\"\"\/><img loading=\"lazy\" data-recalc-dims=\"1\" decoding=\"async\" class=\" wp-image-151404\" src=\"https:\/\/www.europesays.com\/de\/wp-content\/uploads\/2025\/05\/IMG_3038.jpeg\" alt=\"\" width=\"723\" height=\"897\"  \/>Bild: Instagram @eurovision<\/p>\n<p>\u201eWhat the hell just happened\u201c \u2013 diese Antwort werden wir nach dem heutigen Probentag etwas besser beantworten k\u00f6nnen. F\u00fcr das Trio Remember Monday steht in der St. Jakobshalle in Basel die zweite Probe an. Diese wird 20 Minuten dauern. <a href=\"https:\/\/esc-kompakt.de\/erste-probe-beim-esc-2025-remember-monday-mit-what-the-hell-just-happend-fuer-grossbritannien\/\" rel=\"nofollow noopener\" target=\"_blank\">Die ersten drei Bilder sowie Heidi\u2019s Beschreibungen aus dem Live-Blog haben uns bereits auf die Inszenierung und Outfits der S\u00e4ngerinnen eingestimmt:<\/a> Kronleuchter und Party-Nacht (zumindest der Tag danach) trifft auf Bridgerton.<\/p>\n<p><a href=\"https:\/\/shop.katjes.de\/\" aria-label=\"ESC Kompakt Banner\" rel=\"nofollow noopener\" target=\"_blank\"><img loading=\"lazy\" decoding=\"async\" src=\"https:\/\/www.europesays.com\/de\/wp-content\/uploads\/2025\/05\/1746895334_326_ESC-Kompakt-Banner.jpg\" alt=\"\"   width=\"450\" height=\"450\" style=\"display: inline-block;\"\/><\/a><\/p>\n<p>Heute gibt es keinen Live-Blog von Heidi, wie es bei den ersten Proben des <a href=\"https:\/\/esc-kompakt.de\/esc-2025-in-basel-alle-ersten-proben-der-teilnehmer-des-ersten-halbfinals-im-ueberblick-stimmt-ueber-eure-favoriten-ab\/\" rel=\"nofollow noopener\" target=\"_blank\">ersten<\/a> und <a href=\"https:\/\/esc-kompakt.de\/esc-2025-in-basel-alle-ersten-proben-der-teilnehmer-des-zweiten-halbfinals-im-ueberblick-stimmt-ueber-eure-favoriten-ab\/\" rel=\"nofollow noopener\" target=\"_blank\">zweiten<\/a> Halbfinals sowie der <a href=\"https:\/\/esc-kompakt.de\/esc-2025-in-basel-alle-ersten-proben-der-big-5-und-der-schweiz-im-ueberblick-stimmt-ueber-eure-favoriten-ab\/\" rel=\"nofollow noopener\" target=\"_blank\">ersten Proben der Big 5 und der Schweiz der Fall war<\/a>. Daf\u00fcr bekommen wir heute mehr Bilder und vor allem auch Bewegtbilder zu sehen: Von jeder Probe wird es im Laufe des Tages ein 30-sek\u00fcndiges Video geben sowie weitere offizielle Bilder geben.<\/p>\n<p><a href=\"https:\/\/malta.reise\/?utm_source=banner+&amp;utm_medium=website+&amp;utm_campaign=raffle+doubletree+&amp;utm_id=ESC\" aria-label=\"MTA Malta Banner\" rel=\"nofollow noopener\" target=\"_blank\"><img loading=\"lazy\" decoding=\"async\" src=\"https:\/\/www.europesays.com\/de\/wp-content\/uploads\/2025\/05\/1746895335_44_MTA-Malta-Banner.jpg\" alt=\"\"   width=\"450\" height=\"349\" style=\"display: inline-block;\"\/><\/a><\/p>\n<p>Wir werden deshalb f\u00fcr Euch alle offiziellen Kan\u00e4le im Auge behalten und erg\u00e4nzen alles, sobald es verf\u00fcgbar ist.<\/p>\n<p><strong>Songcheck und Reaction-Video zu Gro\u00dfbritannien<\/strong><\/p>\n<p>Unseren Songcheck zu \u201eWhat the Hell Just Happened\u201c findet ihr <a href=\"https:\/\/esc-kompakt.de\/songcheck-esc-2025-37-vereinigtes-koenigreich-what-the-hell-just-happened-von-remember-monday\/\" rel=\"nofollow noopener\" target=\"_blank\">hier<\/a>. Zudem gibt es unser Reaction-Video auf YouTube.<\/p>\n<\/p>\n<p>I<strong>nformationen zur zweiten Probe von Gro\u00dfbritannien<\/strong><\/p>\n<p>Die Bilder sind nun ver\u00f6ffentlicht. Das sind die neusten Einblicke in die zweite Remember-Monday-Probe:<\/p>\n<p><img loading=\"lazy\" data-recalc-dims=\"1\" decoding=\"async\" class=\" wp-image-151908\" src=\"https:\/\/www.europesays.com\/de\/wp-content\/uploads\/2025\/05\/2505010_Sarah-Louise-Bennett_EBU_23573-Enhanced-NR.png\" alt=\"\" width=\"723\" height=\"482\"  \/>Bild: Sarah Louise Bennett \/ EBU<br \/>\n<img data-recalc-dims=\"1\" loading=\"lazy\" decoding=\"async\" class=\" wp-image-151907\" src=\"https:\/\/www.europesays.com\/de\/wp-content\/uploads\/2025\/05\/2505010_Sarah-Louise-Bennett_EBU_23607-Enhanced-NR.png\" alt=\"\" width=\"723\" height=\"1085\"  \/>Bild: Sarah Louise Bennett \/ EBU<br \/>\n<img data-recalc-dims=\"1\" loading=\"lazy\" decoding=\"async\" class=\" wp-image-151906\" src=\"https:\/\/www.europesays.com\/de\/wp-content\/uploads\/2025\/05\/2505010_Sarah-Louise-Bennett_EBU_23610-Enhanced-NR.png\" alt=\"\" width=\"717\" height=\"478\"  \/>Bild: Sarah Louise Bennett \/ EBU<br \/>\n<img data-recalc-dims=\"1\" loading=\"lazy\" decoding=\"async\" class=\" wp-image-151905\" src=\"https:\/\/www.europesays.com\/de\/wp-content\/uploads\/2025\/05\/2505010_Sarah-Louise-Bennett_EBU_23636-Enhanced-NR.png\" alt=\"\" width=\"616\" height=\"924\"  \/>Bild: Sarah Louise Bennett \/ EBU<br \/>\n<img data-recalc-dims=\"1\" loading=\"lazy\" decoding=\"async\" class=\" wp-image-151904\" src=\"https:\/\/www.europesays.com\/de\/wp-content\/uploads\/2025\/05\/2505010_Sarah-Louise-Bennett_EBU_23775-Enhanced-NR.png\" alt=\"\" width=\"659\" height=\"439\"  \/>Bild: Sarah Louise Bennett \/ EBU<br \/>\n<img data-recalc-dims=\"1\" loading=\"lazy\" decoding=\"async\" class=\" wp-image-151926\" src=\"https:\/\/www.europesays.com\/de\/wp-content\/uploads\/2025\/05\/31512.jpeg\" alt=\"\" width=\"723\" height=\"482\"  \/>Bild: Sarah Louise Bennett \/ EBU<br \/>\n<img data-recalc-dims=\"1\" loading=\"lazy\" decoding=\"async\" class=\" wp-image-151925\" src=\"https:\/\/www.europesays.com\/de\/wp-content\/uploads\/2025\/05\/31513.jpeg\" alt=\"\" width=\"723\" height=\"482\"  \/>Bild: Sarah Louise Bennett \/ EBU<br \/>\n<img data-recalc-dims=\"1\" loading=\"lazy\" decoding=\"async\" class=\" wp-image-151924\" src=\"https:\/\/www.europesays.com\/de\/wp-content\/uploads\/2025\/05\/31514.jpeg\" alt=\"\" width=\"723\" height=\"481\"  \/>Bild: Sarah Louise Bennett \/ EBU<br \/>\n<img data-recalc-dims=\"1\" loading=\"lazy\" decoding=\"async\" class=\" wp-image-151923\" src=\"https:\/\/www.europesays.com\/de\/wp-content\/uploads\/2025\/05\/31515.jpeg\" alt=\"\" width=\"723\" height=\"482\"  \/>Bild: Sarah Louise Bennett \/ EBU<br \/>\n<img data-recalc-dims=\"1\" loading=\"lazy\" decoding=\"async\" class=\" wp-image-151917\" src=\"https:\/\/www.europesays.com\/de\/wp-content\/uploads\/2025\/05\/31516.jpeg\" alt=\"\" width=\"723\" height=\"482\"  \/>Bild: Sarah Louise Bennett \/ EBU<\/p>\n<p>\u00a0<\/p>\n<p>Wir informieren Euch hier, sobald uns Material vorliegt. Alle Kan\u00e4le haben wir im Blick und Informationen werden hier fortlaufend erg\u00e4nzt.<\/p>\n<p><strong>ESC kompakt LIVE<\/strong><\/p>\n<p>\u00dcber alle Proben des Tages sprechen wir heute Abend <strong>um 20:15 Uhr<\/strong> ausf\u00fchrlich in unserem <a href=\"https:\/\/www.youtube.com\/watch?v=4chhrovd88Y\" rel=\"nofollow noopener\" target=\"_blank\">ESC kompakt Live auf Youtube<\/a>. Bis heute Abend!<\/p>\n<\/p>\n<p>\u00a0<\/p>\n<p><strong>Die ersten Proben beim ESC 2025 hier in der \u00dcbersicht:<\/strong><\/p>\n<p><strong>Die zweiten Proben beim ESC 2025 in der \u00dcbersicht:<\/strong><\/p>\n<p><strong>Die bisherigen zweiten Proben der Big 5 und von Gastgeber Schweiz<\/strong><\/p>\n<p>Gef\u00e4llt mir:<\/p>\n<p>Gef\u00e4llt mir Wird geladen\u00a0\u2026<\/p>\n<p><a class=\"sd-link-color\"\/><\/p>\n<p>\n\t\u00c4hnliche Beitr\u00e4ge\n<\/p>\n<p><br style=\"clear: both; display: block; float: none;\"\/><\/p>\n<p>\tEntdecke mehr von ESC kompakt<\/p>\n<p class=\"has-text-align-center\" style=\"margin-top:10px;margin-bottom:10px;font-size:15px\">Melde dich f\u00fcr ein Abonnement an, um die neuesten Beitr\u00e4ge per E-Mail zu erhalten.<\/p>\n","protected":false},"excerpt":{"rendered":"Bild: Instagram @eurovision \u201eWhat the hell just happened\u201c \u2013 diese Antwort werden wir nach dem heutigen Probentag etwas&hellip;\n","protected":false},"author":2,"featured_media":100000,"comment_status":"","ping_status":"","sticky":false,"template":"","format":"standard","meta":{"footnotes":""},"categories":[1772],"tags":[29,214,30,1779,810,215],"class_list":{"0":"post-99999","1":"post","2":"type-post","3":"status-publish","4":"format-standard","5":"has-post-thumbnail","7":"category-musik","8":"tag-deutschland","9":"tag-entertainment","10":"tag-germany","11":"tag-music","12":"tag-musik","13":"tag-unterhaltung"},"share_on_mastodon":{"url":"https:\/\/pubeurope.com\/@de\/114484542256798288","error":""},"_links":{"self":[{"href":"https:\/\/www.europesays.com\/de\/wp-json\/wp\/v2\/posts\/99999","targetHints":{"allow":["GET"]}}],"collection":[{"href":"https:\/\/www.europesays.com\/de\/wp-json\/wp\/v2\/posts"}],"about":[{"href":"https:\/\/www.europesays.com\/de\/wp-json\/wp\/v2\/types\/post"}],"author":[{"embeddable":true,"href":"https:\/\/www.europesays.com\/de\/wp-json\/wp\/v2\/users\/2"}],"replies":[{"embeddable":true,"href":"https:\/\/www.europesays.com\/de\/wp-json\/wp\/v2\/comments?post=99999"}],"version-history":[{"count":0,"href":"https:\/\/www.europesays.com\/de\/wp-json\/wp\/v2\/posts\/99999\/revisions"}],"wp:featuredmedia":[{"embeddable":true,"href":"https:\/\/www.europesays.com\/de\/wp-json\/wp\/v2\/media\/100000"}],"wp:attachment":[{"href":"https:\/\/www.europesays.com\/de\/wp-json\/wp\/v2\/media?parent=99999"}],"wp:term":[{"taxonomy":"category","embeddable":true,"href":"https:\/\/www.europesays.com\/de\/wp-json\/wp\/v2\/categories?post=99999"},{"taxonomy":"post_tag","embeddable":true,"href":"https:\/\/www.europesays.com\/de\/wp-json\/wp\/v2\/tags?post=99999"}],"curies":[{"name":"wp","href":"https:\/\/api.w.org\/{rel}","templated":true}]}}