{"id":100473,"count":1,"description":"","link":"https:\/\/www.europesays.com\/de\/tag\/traditionsbaecker-uebernimmt-traditionsbaecker\/","name":"Traditionsb\u00e4cker \u00fcbernimmt Traditionsb\u00e4cker:","slug":"traditionsbaecker-uebernimmt-traditionsbaecker","taxonomy":"post_tag","meta":[],"_links":{"self":[{"href":"https:\/\/www.europesays.com\/de\/wp-json\/wp\/v2\/tags\/100473","targetHints":{"allow":["GET"]}}],"collection":[{"href":"https:\/\/www.europesays.com\/de\/wp-json\/wp\/v2\/tags"}],"about":[{"href":"https:\/\/www.europesays.com\/de\/wp-json\/wp\/v2\/taxonomies\/post_tag"}],"wp:post_type":[{"href":"https:\/\/www.europesays.com\/de\/wp-json\/wp\/v2\/posts?tags=100473"}],"curies":[{"name":"wp","href":"https:\/\/api.w.org\/{rel}","templated":true}]}}