{"id":105632,"count":1,"description":"","link":"https:\/\/www.europesays.com\/de\/tag\/iaa-in-muenchen-zwischen-ps-glanz-und-gruenem-widerstand-stadt-oder-showroom-die-iaa-sorgt-fuer-aerger-der-bund-naturschutz-muenchen-kritisiert-die\/","name":"IAA in M\u00fcnchen: Zwischen PS-Glanz und gr\u00fcnem Widerstand Stadt oder Showroom? Die IAA sorgt f\u00fcr \u00c4rger Der Bund Naturschutz M\u00fcnchen kritisiert die","slug":"iaa-in-muenchen-zwischen-ps-glanz-und-gruenem-widerstand-stadt-oder-showroom-die-iaa-sorgt-fuer-aerger-der-bund-naturschutz-muenchen-kritisiert-die","taxonomy":"post_tag","meta":[],"_links":{"self":[{"href":"https:\/\/www.europesays.com\/de\/wp-json\/wp\/v2\/tags\/105632","targetHints":{"allow":["GET"]}}],"collection":[{"href":"https:\/\/www.europesays.com\/de\/wp-json\/wp\/v2\/tags"}],"about":[{"href":"https:\/\/www.europesays.com\/de\/wp-json\/wp\/v2\/taxonomies\/post_tag"}],"wp:post_type":[{"href":"https:\/\/www.europesays.com\/de\/wp-json\/wp\/v2\/posts?tags=105632"}],"curies":[{"name":"wp","href":"https:\/\/api.w.org\/{rel}","templated":true}]}}