{"id":106380,"count":1,"description":"","link":"https:\/\/www.europesays.com\/de\/tag\/kam-jedoch-bei-der-02-niederlage-in-der-slowakei-wie-erwartet-nicht-zum-einsatz-elias-saad-und-aiman-dardari-ueberzeugten-hingegen-als-torschuetzen-fuer-ihre-nationalteams\/","name":"kam jedoch bei der 0:2-Niederlage in der Slowakei wie erwartet nicht zum Einsatz. Elias Saad und Aiman Dardari \u00fcberzeugten hingegen als Torsch\u00fctzen f\u00fcr ihre Nationalteams.","slug":"kam-jedoch-bei-der-02-niederlage-in-der-slowakei-wie-erwartet-nicht-zum-einsatz-elias-saad-und-aiman-dardari-ueberzeugten-hingegen-als-torschuetzen-fuer-ihre-nationalteams","taxonomy":"post_tag","meta":[],"_links":{"self":[{"href":"https:\/\/www.europesays.com\/de\/wp-json\/wp\/v2\/tags\/106380","targetHints":{"allow":["GET"]}}],"collection":[{"href":"https:\/\/www.europesays.com\/de\/wp-json\/wp\/v2\/tags"}],"about":[{"href":"https:\/\/www.europesays.com\/de\/wp-json\/wp\/v2\/taxonomies\/post_tag"}],"wp:post_type":[{"href":"https:\/\/www.europesays.com\/de\/wp-json\/wp\/v2\/posts?tags=106380"}],"curies":[{"name":"wp","href":"https:\/\/api.w.org\/{rel}","templated":true}]}}