{"id":112140,"count":1,"description":"","link":"https:\/\/www.europesays.com\/de\/tag\/zentrum-fuer-kirchenasyl-koeln-bilderstoeckchen\/","name":"Zentrum f\u00fcr Kirchenasyl K\u00f6ln-Bilderst\u00f6ckchen","slug":"zentrum-fuer-kirchenasyl-koeln-bilderstoeckchen","taxonomy":"post_tag","meta":[],"_links":{"self":[{"href":"https:\/\/www.europesays.com\/de\/wp-json\/wp\/v2\/tags\/112140","targetHints":{"allow":["GET"]}}],"collection":[{"href":"https:\/\/www.europesays.com\/de\/wp-json\/wp\/v2\/tags"}],"about":[{"href":"https:\/\/www.europesays.com\/de\/wp-json\/wp\/v2\/taxonomies\/post_tag"}],"wp:post_type":[{"href":"https:\/\/www.europesays.com\/de\/wp-json\/wp\/v2\/posts?tags=112140"}],"curies":[{"name":"wp","href":"https:\/\/api.w.org\/{rel}","templated":true}]}}