{"id":122154,"count":1,"description":"","link":"https:\/\/www.europesays.com\/de\/tag\/lesung-ueber-deutsch-tuerkische-identitaet-hannover-2025\/","name":"Lesung \u00fcber deutsch-t\u00fcrkische Identit\u00e4t Hannover 2025","slug":"lesung-ueber-deutsch-tuerkische-identitaet-hannover-2025","taxonomy":"post_tag","meta":[],"_links":{"self":[{"href":"https:\/\/www.europesays.com\/de\/wp-json\/wp\/v2\/tags\/122154","targetHints":{"allow":["GET"]}}],"collection":[{"href":"https:\/\/www.europesays.com\/de\/wp-json\/wp\/v2\/tags"}],"about":[{"href":"https:\/\/www.europesays.com\/de\/wp-json\/wp\/v2\/taxonomies\/post_tag"}],"wp:post_type":[{"href":"https:\/\/www.europesays.com\/de\/wp-json\/wp\/v2\/posts?tags=122154"}],"curies":[{"name":"wp","href":"https:\/\/api.w.org\/{rel}","templated":true}]}}