{"id":146901,"count":1,"description":"","link":"https:\/\/www.europesays.com\/de\/tag\/raeume-fuer-traeume\/","name":"R\u00e4ume f\u00fcr Tr\u00e4ume","slug":"raeume-fuer-traeume","taxonomy":"post_tag","meta":[],"_links":{"self":[{"href":"https:\/\/www.europesays.com\/de\/wp-json\/wp\/v2\/tags\/146901","targetHints":{"allow":["GET"]}}],"collection":[{"href":"https:\/\/www.europesays.com\/de\/wp-json\/wp\/v2\/tags"}],"about":[{"href":"https:\/\/www.europesays.com\/de\/wp-json\/wp\/v2\/taxonomies\/post_tag"}],"wp:post_type":[{"href":"https:\/\/www.europesays.com\/de\/wp-json\/wp\/v2\/posts?tags=146901"}],"curies":[{"name":"wp","href":"https:\/\/api.w.org\/{rel}","templated":true}]}}