{"id":166290,"count":2,"description":"","link":"https:\/\/www.europesays.com\/de\/tag\/us-annexionsplaene-fuer-groenland\/","name":"US-Annexionspl\u00e4ne f\u00fcr Gr\u00f6nland","slug":"us-annexionsplaene-fuer-groenland","taxonomy":"post_tag","meta":[],"_links":{"self":[{"href":"https:\/\/www.europesays.com\/de\/wp-json\/wp\/v2\/tags\/166290","targetHints":{"allow":["GET"]}}],"collection":[{"href":"https:\/\/www.europesays.com\/de\/wp-json\/wp\/v2\/tags"}],"about":[{"href":"https:\/\/www.europesays.com\/de\/wp-json\/wp\/v2\/taxonomies\/post_tag"}],"wp:post_type":[{"href":"https:\/\/www.europesays.com\/de\/wp-json\/wp\/v2\/posts?tags=166290"}],"curies":[{"name":"wp","href":"https:\/\/api.w.org\/{rel}","templated":true}]}}