{"id":23530,"count":1,"description":"","link":"https:\/\/www.europesays.com\/de\/tag\/unfall-in-hoehe-der-salzufler-strasse-in-fahrtrichtung-lagesche-strasse\/","name":"Unfall in H\u00f6he der Salzufler Stra\u00dfe in Fahrtrichtung Lagesche Stra\u00dfe","slug":"unfall-in-hoehe-der-salzufler-strasse-in-fahrtrichtung-lagesche-strasse","taxonomy":"post_tag","meta":[],"_links":{"self":[{"href":"https:\/\/www.europesays.com\/de\/wp-json\/wp\/v2\/tags\/23530","targetHints":{"allow":["GET"]}}],"collection":[{"href":"https:\/\/www.europesays.com\/de\/wp-json\/wp\/v2\/tags"}],"about":[{"href":"https:\/\/www.europesays.com\/de\/wp-json\/wp\/v2\/taxonomies\/post_tag"}],"wp:post_type":[{"href":"https:\/\/www.europesays.com\/de\/wp-json\/wp\/v2\/posts?tags=23530"}],"curies":[{"name":"wp","href":"https:\/\/api.w.org\/{rel}","templated":true}]}}