{"id":28041,"count":1,"description":"","link":"https:\/\/www.europesays.com\/de\/tag\/eqs-afr-bitwise-europe-gmbh-vorabbekanntmachung-ueber-die-veroeffentlichung-von-finanzberichten-gemaess-%c2%a7%c2%a7-114\/","name":"EQS-AFR: Bitwise Europe GmbH: Vorabbekanntmachung \u00fcber die Ver\u00f6ffentlichung von Finanzberichten gem\u00e4\u00df \u00a7\u00a7 114","slug":"eqs-afr-bitwise-europe-gmbh-vorabbekanntmachung-ueber-die-veroeffentlichung-von-finanzberichten-gemaess-%c2%a7%c2%a7-114","taxonomy":"post_tag","meta":[],"_links":{"self":[{"href":"https:\/\/www.europesays.com\/de\/wp-json\/wp\/v2\/tags\/28041","targetHints":{"allow":["GET"]}}],"collection":[{"href":"https:\/\/www.europesays.com\/de\/wp-json\/wp\/v2\/tags"}],"about":[{"href":"https:\/\/www.europesays.com\/de\/wp-json\/wp\/v2\/taxonomies\/post_tag"}],"wp:post_type":[{"href":"https:\/\/www.europesays.com\/de\/wp-json\/wp\/v2\/posts?tags=28041"}],"curies":[{"name":"wp","href":"https:\/\/api.w.org\/{rel}","templated":true}]}}