{"id":49876,"count":1,"description":"","link":"https:\/\/www.europesays.com\/de\/tag\/zeitstroeme-ueber-fluesse-und-menschen\/","name":"Zeitstr\u00f6me. \u00dcber Fl\u00fcsse und Menschen","slug":"zeitstroeme-ueber-fluesse-und-menschen","taxonomy":"post_tag","meta":[],"_links":{"self":[{"href":"https:\/\/www.europesays.com\/de\/wp-json\/wp\/v2\/tags\/49876","targetHints":{"allow":["GET"]}}],"collection":[{"href":"https:\/\/www.europesays.com\/de\/wp-json\/wp\/v2\/tags"}],"about":[{"href":"https:\/\/www.europesays.com\/de\/wp-json\/wp\/v2\/taxonomies\/post_tag"}],"wp:post_type":[{"href":"https:\/\/www.europesays.com\/de\/wp-json\/wp\/v2\/posts?tags=49876"}],"curies":[{"name":"wp","href":"https:\/\/api.w.org\/{rel}","templated":true}]}}