{"id":63832,"count":1,"description":"","link":"https:\/\/www.europesays.com\/de\/tag\/sao-tome-e-principe\/","name":"S\u00e3o Tom\u00e9 e Pr\u00edncipe","slug":"sao-tome-e-principe","taxonomy":"post_tag","meta":[],"_links":{"self":[{"href":"https:\/\/www.europesays.com\/de\/wp-json\/wp\/v2\/tags\/63832","targetHints":{"allow":["GET"]}}],"collection":[{"href":"https:\/\/www.europesays.com\/de\/wp-json\/wp\/v2\/tags"}],"about":[{"href":"https:\/\/www.europesays.com\/de\/wp-json\/wp\/v2\/taxonomies\/post_tag"}],"wp:post_type":[{"href":"https:\/\/www.europesays.com\/de\/wp-json\/wp\/v2\/posts?tags=63832"}],"curies":[{"name":"wp","href":"https:\/\/api.w.org\/{rel}","templated":true}]}}