{"id":69641,"count":1,"description":"","link":"https:\/\/www.europesays.com\/de\/tag\/resiliente-konzepte-fuer-die-freiraumplanerische-neugestaltung-der-muehlenpromenade-jury-kuert-siegerentwurf\/","name":"Resiliente Konzepte f\u00fcr die freiraumplanerische Neugestaltung der M\u00fchlenpromenade: Jury k\u00fcrt Siegerentwurf","slug":"resiliente-konzepte-fuer-die-freiraumplanerische-neugestaltung-der-muehlenpromenade-jury-kuert-siegerentwurf","taxonomy":"post_tag","meta":[],"_links":{"self":[{"href":"https:\/\/www.europesays.com\/de\/wp-json\/wp\/v2\/tags\/69641","targetHints":{"allow":["GET"]}}],"collection":[{"href":"https:\/\/www.europesays.com\/de\/wp-json\/wp\/v2\/tags"}],"about":[{"href":"https:\/\/www.europesays.com\/de\/wp-json\/wp\/v2\/taxonomies\/post_tag"}],"wp:post_type":[{"href":"https:\/\/www.europesays.com\/de\/wp-json\/wp\/v2\/posts?tags=69641"}],"curies":[{"name":"wp","href":"https:\/\/api.w.org\/{rel}","templated":true}]}}